{"id":227948,"date":"2009-02-23T11:48:52","date_gmt":"2009-02-23T11:48:52","guid":{"rendered":"https:\/\/archivio.cercoiltuovolto.it\/?p=227948"},"modified":"2009-02-23T11:48:52","modified_gmt":"2009-02-23T11:48:52","slug":"il-cielo-comincia-in-te","status":"publish","type":"post","link":"https:\/\/archivio.cercoiltuovolto.it\/?p=227948","title":{"rendered":"Il cielo comincia in te"},"content":{"rendered":"<blockquote>\n<p style=\"text-align: justify;\">La spiritualit\u00e0 dei Padri del deserto diventa in queste pagine spiritualit\u00e0 e sapienza per l\u2019uomo di oggi.<br \/>\n<a href=\"http:\/\/www.cercoiltuovolto.it\/\/wp-content\/uploads\/2009\/02\/cielo-comincia.jpg\"><img loading=\"lazy\" decoding=\"async\" class=\"alignleft size-full wp-image-3741\" title=\"cielo-comincia\" src=\"http:\/\/www.cercoiltuovolto.it\/\/wp-content\/uploads\/2009\/02\/cielo-comincia.jpg\" alt=\"cielo-comincia\" width=\"81\" height=\"122\" \/><\/a> Dalla quarta di copertina:<br \/>\n Questo libro nasce dalla ricca fonte della spiritualit\u00e0 vissuta dai primi monaci, a partire dal quarto fino al settimo secolo. In modo davvero sorprendente questa spiritualit\u00e0 corrisponde all&#8217;odierno bisogno di una spiritualit\u00e0 dal basso, che non costringa solo e sempre a guardare il cielo, ma \u2013 come dice l&#8217;Autore \u2013 \u00abinizi in noi e dalle nostre sofferenze\u00bb. Gr\u00fcn riesce magistralmente a far zampillare la fonte nascosta dei primi secoli del cristianesimo.<\/p>\n<\/blockquote>\n<p>[display_podcast]<\/p>\n<p><strong>Fonte<\/strong>: <a href=\"http:\/\/www.radiovoce.it\/podcast_dettagli.php?get_id=1728\" target=\"_blank\">Radio Voce in Blu<\/a> (<span class=\"news_autore\"><em>don Sergio Passeri<\/em>)<br \/>\n<\/span><\/p>\n<h3>Informazioni utili<\/h3>\n<ul>\n<li><strong>Titolo <\/strong><span>Il cielo comincia in te. L&#8217;attualit\u00e0 della sapienza dei Padri del deserto<\/span><\/li>\n<li><strong>Autore<\/strong> Gr\u00fcn Anselm<\/li>\n<li><strong>Prezzo <\/strong>\u20ac 13,43<\/li>\n<li><strong>Dati <\/strong>2007, 200 p.<\/li>\n<li><strong>Editore <\/strong><span>Meditazioni<\/span><span class=\"tcorpotesto\"><\/span><\/li>\n<\/ul>\n<p class=\"acquista-paragrafo\"><a href=\"http:\/\/www.libreriadelsanto.it\/libri\/9788839915405\/il-cielo-comincia-in-te-lattualita-della-sapienza-dei-padri-del-deserto.html\" target=\"_blank\">Acquista il libro<\/a><\/p>\n","protected":false},"excerpt":{"rendered":"<p>La spiritualit\u00e0 dei Padri del deserto diventa in queste pagine spiritualit\u00e0 e sapienza per l\u2019uomo di oggi. Dalla quarta di copertina: Questo libro nasce dalla ricca fonte della spiritualit\u00e0 vissuta dai primi monaci, a partire dal quarto fino al settimo secolo. In modo davvero sorprendente questa spiritualit\u00e0 corrisponde all&#8217;odierno bisogno di una spiritualit\u00e0 dal basso,&#8230;<\/p>\n","protected":false},"author":3,"featured_media":0,"comment_status":"closed","ping_status":"closed","sticky":false,"template":"","format":"standard","meta":{"_kad_post_transparent":"","_kad_post_title":"","_kad_post_layout":"","_kad_post_sidebar_id":"","_kad_post_content_style":"","_kad_post_vertical_padding":"","_kad_post_feature":"","_kad_post_feature_position":"","_kad_post_header":false,"_kad_post_footer":false,"_kad_post_classname":"","footnotes":""},"categories":[99,3],"tags":[176,86],"class_list":["post-227948","post","type-post","status-publish","format-standard","hentry","category-99","category-libri","tag-padri-del-deserto","tag-spiritualita"],"_links":{"self":[{"href":"https:\/\/archivio.cercoiltuovolto.it\/index.php?rest_route=\/wp\/v2\/posts\/227948","targetHints":{"allow":["GET"]}}],"collection":[{"href":"https:\/\/archivio.cercoiltuovolto.it\/index.php?rest_route=\/wp\/v2\/posts"}],"about":[{"href":"https:\/\/archivio.cercoiltuovolto.it\/index.php?rest_route=\/wp\/v2\/types\/post"}],"author":[{"embeddable":true,"href":"https:\/\/archivio.cercoiltuovolto.it\/index.php?rest_route=\/wp\/v2\/users\/3"}],"replies":[{"embeddable":true,"href":"https:\/\/archivio.cercoiltuovolto.it\/index.php?rest_route=%2Fwp%2Fv2%2Fcomments&post=227948"}],"version-history":[{"count":0,"href":"https:\/\/archivio.cercoiltuovolto.it\/index.php?rest_route=\/wp\/v2\/posts\/227948\/revisions"}],"wp:attachment":[{"href":"https:\/\/archivio.cercoiltuovolto.it\/index.php?rest_route=%2Fwp%2Fv2%2Fmedia&parent=227948"}],"wp:term":[{"taxonomy":"category","embeddable":true,"href":"https:\/\/archivio.cercoiltuovolto.it\/index.php?rest_route=%2Fwp%2Fv2%2Fcategories&post=227948"},{"taxonomy":"post_tag","embeddable":true,"href":"https:\/\/archivio.cercoiltuovolto.it\/index.php?rest_route=%2Fwp%2Fv2%2Ftags&post=227948"}],"curies":[{"name":"wp","href":"https:\/\/api.w.org\/{rel}","templated":true}]}}