{"id":227944,"date":"2009-02-23T10:41:25","date_gmt":"2009-02-23T10:41:25","guid":{"rendered":"https:\/\/archivio.cercoiltuovolto.it\/?p=227944"},"modified":"2009-02-23T10:41:25","modified_gmt":"2009-02-23T10:41:25","slug":"commento-al-vangelo-mercoledi-25-febbraio-2009-mercoledi-delle-ceneri","status":"publish","type":"post","link":"https:\/\/archivio.cercoiltuovolto.it\/?p=227944","title":{"rendered":"Commento al Vangelo &#8211; Mercoled\u00ec 25 febbraio 2009"},"content":{"rendered":"<p style=\"text-align: center;\"><a rel=\"lightbox\" href=\"http:\/\/www.cercoiltuovolto.it\/\/wp-content\/uploads\/2009\/02\/3274309598_9e433775db.jpg\"><img loading=\"lazy\" decoding=\"async\" class=\"aligncenter size-full wp-image-3727\" title=\"3274309598_9e433775db\" src=\"http:\/\/www.cercoiltuovolto.it\/\/wp-content\/uploads\/2009\/02\/3274309598_9e433775db.jpg\" alt=\"3274309598_9e433775db\" width=\"500\" height=\"280\" \/><\/a><\/p>\n<p style=\"text-align: justify;\">Questa \u00e8 una rielaborazione <strong>audio\/video<\/strong> sulle letture della Messa di:<strong><em> MERCOLEDI&#8217; 25 febbraio 2009 &#8211; MERCOLEDI&#8217; DELLE CENERI <\/em><\/strong>(Anno B) a cura di <a href=\"http:\/\/www.bellanotizia.it\" target=\"_blank\">Antonio Di Lieto<\/a>.   Il titolo della Messa, che unifica tutte le letture, secondo l&#8217;autore \u00e8: <strong>Umili davanti a Dio !<\/strong><\/p>\n<p style=\"text-align: justify;\">[audio:http:\/\/www.bellanotizia.it\/Materiali\/2009%20ANNO%20B\/18_CENERI_umilidavantiadio\/Ceneri_-_Umili_davanti_a_Dio_!_-_.mp3]<\/p>\n<p style=\"text-align: justify;\">\n<p style=\"text-align: justify;\">\u00a0<\/p>\n<h3 style=\"text-align: left;\">Commento alle Letture<\/h3>\n<h3>PRIMA LETTURA (dal libro del profeta Gio\u00e8le 2,12-18)<\/h3>\n<p style=\"text-align: justify;\">Dice il profeta Gio\u00e8le: &#8220;Ritornate UMILI DAVANTI A DIO: con digiuni, pianti e preghiere. Pentitevi sinceramente: con vera UMILTA&#8217;. Ritornate al Signore: perch\u00e9 Lui \u00e8 paziente, buono, sempre pronto a perdonare. Di fronte alle nostre sventure infatti, Dio si intenerisce sempre: se \u00e8 arrabbiato si calma subito, e torna a benedirci. Proclamate un digiuno, dunque. Radunatevi tutti: vecchi e bambini, uomini e donne. Ed i sacerdoti innalzino a Dio questa preghiera: &#8220;Perdona il tuo popolo, Signore: non esporci alla derisione di chi non ti ama!&#8221;. Se non ci aiuti infatti, tutti diranno: &#8211; Vedete? Il loro Dio non esiste ! &#8211; E&#8217; questo che desideri, Signore? Ti supplichiamo allora con UMILTA&#8217;: torna ad avere piet\u00e0 di noi!&#8221;<\/p>\n<h3>SALMO RESPONSORIALE (Salmo 50,3-6.12-14.17)<\/h3>\n<p style=\"text-align: justify;\">Perdonaci Signore, perch\u00e8 abbiamo peccato. Mio Dio, abbi piet\u00e0 di me: tu che sei buono, cancella i miei errori. Lavami da tutte le mie colpe: puliscimi dai miei peccati. Lo riconosco CON UMILTA&#8217;: ho sbagliato. I miei errori mi stanno sempre davanti. Perch\u00e9 ho peccato soprattutto contro di te: ho fatto proprio quello che tu non volevi. Ma ora o Dio, fai rinascere in me un cuore pulito: ridammi un&#8217;anima nuova e sicura. Non respingermi: non privarmi del tuo santo spirito. Dammi la gioia di essere salvato: crea in me un animo generoso. E le mie labbra non smetteranno mai di lodarti: CON UMILTA&#8217; !<\/p>\n<h3>SECONDA LETTURA (dalla seconda lettera di Paolo ai cristiani di Corinto 5,20-6,2)<\/h3>\n<p style=\"text-align: justify;\">Carissimi fratelli, noi siamo come degli ambasciatori del Signore. Quindi a nome di Cristo vi supplichiamo: lasciatevi perdonare da Dio! Ges\u00f9 infatti non aveva mai commesso peccati, ma Dio ha lasciato che fosse trattato come il peggiore dei peccatori: affinch\u00e9 pagasse Lui per gli errori nostri. Visto che noi siamo Suoi collaboratori allora, ve lo ripetiamo di nuovo: non lasciate che sia morto invano! La Bibbia infatti dice: &#8220;Verr\u00f2 a salvarvi, quando sar\u00e0 il momento&#8221;. Bene, ora quel momento \u00e8 arrivato. Quindi vi prego, lasciatevi perdonare da Dio: con UMILTA&#8217; !<\/p>\n<h3>VANGELO (Matteo 6,1-6.16-18)<\/h3>\n<p style=\"text-align: justify;\">Un giorno Ges\u00f9 disse ai suoi dicepoli: &#8220;Guardatevi dal vantarvi delle vostre opere buone: se fate cos\u00ec non ne avrete da Dio nessuna ricompensa. Quando date qualcosa ai poveri allora, voi non sbandieratelo ai quattro venti: fate come se le vostre mani nemmeno se ne accorgessero. E Dio che vede tutto, ricompenser\u00e0 la vostra UMILTA&#8217;.<br \/>\n Anche quando pregate, non fatelo solo per sembrare devoti davanti agli altri: altrimenti la vostra preghiera non sar\u00e0 ascoltata. Tu invece quando preghi, entra nella tua camera, chiudi la porta, e prega senza essere visto da nessuno: con il cuore in mano. E Dio nostro Padre che vede tutto, ascolter\u00e0 la tua UMILTA&#8217;.<br \/>\n Ed anche quando fate un digiuno, non fatelo notare a tutti facendovi vedere stanchi: altrimenti quel sacrificio non sar\u00e0 gradito. Tu invece anche se stai digiunando, lavati, profumati il volto: e sorridi. E Dio che vede tutto, apprezzer\u00e0 la tua UMILTA&#8217;! &#8230; Insomma, non mettete in atto le vostre pratiche religiose per apparire bravi davanti agli uomini: ma per essere UMILI DAVANTI A DIO!&#8221;.<\/p>\n<p><br class=\"spacer_\" \/><\/p>\n<p style=\"text-align: justify;\"><span class=\"morebis\"><img loading=\"lazy\" decoding=\"async\" style=\"border: 0pt none; vertical-align: middle;\" title=\"Link\" src=\"http:\/\/www.cercoiltuovolto.it\/\/images\/web.png\" alt=\"Link\" width=\"24\" height=\"24\" \/> <\/span><strong>Sul sito<\/strong> <a href=\"http:\/\/www.bellanotizia.it\/\" target=\"_blank\">http:\/\/www.bellanotizia.it<\/a> puoi scaricare tante altre &#8220;bellenotizie&#8221;, anche in forma di registrazione-audio e presentazione-video, oltre a diversi miei articoli, scritti, corrispondenze-mail ed ipotesi innovative.<br \/>\n <img loading=\"lazy\" decoding=\"async\" style=\"border: 0pt none; vertical-align: middle;\" title=\"Note\" src=\"http:\/\/www.cercoiltuovolto.it\/\/images\/notes.png\" alt=\"Note\" width=\"24\" height=\"24\" \/> <strong>Note<\/strong>: L&#8217;autore precisa che, anche se la lettura di queste bellenotizie aiuta a comprendere la prima parte della Messa (Liturgia della Parola), non potr\u00e0 mai sostituire la seconda parte (Liturgia eucaristica), in cui ci viene data la possibilit\u00e0 di &#8220;abbracciare&#8221; veramente il Corpo di Cristo.<\/p>\n<p style=\"text-align: justify;\"><strong>Foto<\/strong>: Flickr<\/p>\n","protected":false},"excerpt":{"rendered":"<p>Questa \u00e8 una rielaborazione audio\/video sulle letture della Messa di: MERCOLEDI&#8217; 25 febbraio 2009 &#8211; MERCOLEDI&#8217; DELLE CENERI (Anno B) a cura di Antonio Di Lieto. Il titolo della Messa, che unifica tutte le letture, secondo l&#8217;autore \u00e8: Umili davanti a Dio ! [audio:http:\/\/www.bellanotizia.it\/Materiali\/2009%20ANNO%20B\/18_CENERI_umilidavantiadio\/Ceneri_-_Umili_davanti_a_Dio_!_-_.mp3] \u00a0 Commento alle Letture PRIMA LETTURA (dal libro del profeta Gio\u00e8le&#8230;<\/p>\n","protected":false},"author":3,"featured_media":0,"comment_status":"closed","ping_status":"closed","sticky":false,"template":"","format":"standard","meta":{"_kad_post_transparent":"","_kad_post_title":"","_kad_post_layout":"","_kad_post_sidebar_id":"","_kad_post_content_style":"","_kad_post_vertical_padding":"","_kad_post_feature":"","_kad_post_feature_position":"","_kad_post_header":false,"_kad_post_footer":false,"_kad_post_classname":"","footnotes":""},"categories":[99,4],"tags":[34,5],"class_list":["post-227944","post","type-post","status-publish","format-standard","hentry","category-99","category-audio-cattolici","tag-bella-notizia","tag-commento-al-vangelo"],"_links":{"self":[{"href":"https:\/\/archivio.cercoiltuovolto.it\/index.php?rest_route=\/wp\/v2\/posts\/227944","targetHints":{"allow":["GET"]}}],"collection":[{"href":"https:\/\/archivio.cercoiltuovolto.it\/index.php?rest_route=\/wp\/v2\/posts"}],"about":[{"href":"https:\/\/archivio.cercoiltuovolto.it\/index.php?rest_route=\/wp\/v2\/types\/post"}],"author":[{"embeddable":true,"href":"https:\/\/archivio.cercoiltuovolto.it\/index.php?rest_route=\/wp\/v2\/users\/3"}],"replies":[{"embeddable":true,"href":"https:\/\/archivio.cercoiltuovolto.it\/index.php?rest_route=%2Fwp%2Fv2%2Fcomments&post=227944"}],"version-history":[{"count":0,"href":"https:\/\/archivio.cercoiltuovolto.it\/index.php?rest_route=\/wp\/v2\/posts\/227944\/revisions"}],"wp:attachment":[{"href":"https:\/\/archivio.cercoiltuovolto.it\/index.php?rest_route=%2Fwp%2Fv2%2Fmedia&parent=227944"}],"wp:term":[{"taxonomy":"category","embeddable":true,"href":"https:\/\/archivio.cercoiltuovolto.it\/index.php?rest_route=%2Fwp%2Fv2%2Fcategories&post=227944"},{"taxonomy":"post_tag","embeddable":true,"href":"https:\/\/archivio.cercoiltuovolto.it\/index.php?rest_route=%2Fwp%2Fv2%2Ftags&post=227944"}],"curies":[{"name":"wp","href":"https:\/\/api.w.org\/{rel}","templated":true}]}}