{"id":227923,"date":"2009-02-17T08:00:42","date_gmt":"2009-02-17T08:00:42","guid":{"rendered":"https:\/\/archivio.cercoiltuovolto.it\/?p=227923"},"modified":"2009-02-17T08:00:42","modified_gmt":"2009-02-17T08:00:42","slug":"meeting-giovani-2009","status":"publish","type":"post","link":"https:\/\/archivio.cercoiltuovolto.it\/?p=227923","title":{"rendered":"Meeting Giovani 2009"},"content":{"rendered":"<p style=\"text-align: justify;\"><a rel=\"lightbox\" href=\"http:\/\/www.cercoiltuovolto.it\/\/wp-content\/uploads\/2009\/02\/meeting-giovani-2009.jpg\"><img loading=\"lazy\" decoding=\"async\" class=\"alignleft size-full wp-image-3635\" title=\"meeting-giovani-2009\" src=\"http:\/\/www.cercoiltuovolto.it\/\/wp-content\/uploads\/2009\/02\/meeting-giovani-2009.jpg\" alt=\"meeting-giovani-2009\" width=\"118\" height=\"183\" \/><\/a>Da <strong>gioved\u00ec 6 a domenica 9 agosto 200<\/strong>9 a Villaregia di Porto Viro (Rovigo &#8211; Italia) si incontreranno pi\u00f9 di 1.000 giovani provenienti da varie parti del mondo per vivere insieme un&#8217;esperienza di fraternit\u00e0 universale, di comunione con i poveri della terra e di incontro con il Dio che &#8220;<strong>Scatena la vita<\/strong>&#8220;. <\/p>\n<p> Scatena la vita \u00e8 lo slogan che accompagner\u00e0 le 3 giornate di raduno perch\u00e9:<\/p>\n<ul style=\"text-align: justify;\">\n<li> vogliamo scatenare la vita in noi per ritrovare il gusto di vivere in pienezza;<\/li>\n<li>vogliamo scatenare la vita delle persone a noi vicine andando loro incontro per scoprire la bellezza dell&#8217;amicizia;<\/li>\n<li>vogliamo scatenare la vita dei milioni di uomini che ancora oggi soffrono per la miseria e la lontananza da Dio.<\/li>\n<\/ul>\n<p><br class=\"spacer_\" \/><\/p>\n<p class=\"download\"><a href=\"http:\/\/www.meetingcmv.org\/\" target=\"_blank\"> Download del materiale ed iscrizioni on-line<\/a><\/p>\n","protected":false},"excerpt":{"rendered":"<p>Da gioved\u00ec 6 a domenica 9 agosto 2009 a Villaregia di Porto Viro (Rovigo &#8211; Italia) si incontreranno pi\u00f9 di 1.000 giovani provenienti da varie parti del mondo per vivere insieme un&#8217;esperienza di fraternit\u00e0 universale, di comunione con i poveri della terra e di incontro con il Dio che &#8220;Scatena la vita&#8220;. Scatena la vita&#8230;<\/p>\n","protected":false},"author":3,"featured_media":0,"comment_status":"closed","ping_status":"closed","sticky":false,"template":"","format":"standard","meta":{"_kad_post_transparent":"","_kad_post_title":"","_kad_post_layout":"","_kad_post_sidebar_id":"","_kad_post_content_style":"","_kad_post_vertical_padding":"","_kad_post_feature":"","_kad_post_feature_position":"","_kad_post_header":false,"_kad_post_footer":false,"_kad_post_classname":"","footnotes":""},"categories":[99,41],"tags":[154,19,113],"class_list":["post-227923","post","type-post","status-publish","format-standard","hentry","category-99","category-incontri","tag-iniziative","tag-missionari","tag-video"],"_links":{"self":[{"href":"https:\/\/archivio.cercoiltuovolto.it\/index.php?rest_route=\/wp\/v2\/posts\/227923","targetHints":{"allow":["GET"]}}],"collection":[{"href":"https:\/\/archivio.cercoiltuovolto.it\/index.php?rest_route=\/wp\/v2\/posts"}],"about":[{"href":"https:\/\/archivio.cercoiltuovolto.it\/index.php?rest_route=\/wp\/v2\/types\/post"}],"author":[{"embeddable":true,"href":"https:\/\/archivio.cercoiltuovolto.it\/index.php?rest_route=\/wp\/v2\/users\/3"}],"replies":[{"embeddable":true,"href":"https:\/\/archivio.cercoiltuovolto.it\/index.php?rest_route=%2Fwp%2Fv2%2Fcomments&post=227923"}],"version-history":[{"count":0,"href":"https:\/\/archivio.cercoiltuovolto.it\/index.php?rest_route=\/wp\/v2\/posts\/227923\/revisions"}],"wp:attachment":[{"href":"https:\/\/archivio.cercoiltuovolto.it\/index.php?rest_route=%2Fwp%2Fv2%2Fmedia&parent=227923"}],"wp:term":[{"taxonomy":"category","embeddable":true,"href":"https:\/\/archivio.cercoiltuovolto.it\/index.php?rest_route=%2Fwp%2Fv2%2Fcategories&post=227923"},{"taxonomy":"post_tag","embeddable":true,"href":"https:\/\/archivio.cercoiltuovolto.it\/index.php?rest_route=%2Fwp%2Fv2%2Ftags&post=227923"}],"curies":[{"name":"wp","href":"https:\/\/api.w.org\/{rel}","templated":true}]}}