{"id":227895,"date":"2009-02-11T07:00:45","date_gmt":"2009-02-11T07:00:45","guid":{"rendered":"https:\/\/archivio.cercoiltuovolto.it\/?p=227895"},"modified":"2009-02-11T07:00:45","modified_gmt":"2009-02-11T07:00:45","slug":"dvd-il-mondo-di-barbara-micarelli","status":"publish","type":"post","link":"https:\/\/archivio.cercoiltuovolto.it\/?p=227895","title":{"rendered":"DVD &#8211; &#8220;Il mondo di Barbara&#8221; (Micarelli)"},"content":{"rendered":"<blockquote>\n<p style=\"text-align: justify;\">La missione e le attivit\u00e0 delle Suore Francescane Missionarie di Ges\u00f9 Bambino, figlie di Barbara Micarelli, raccontate attraverso i volti, i pensieri, le attivit\u00e0 quotidiane delle loro case sparse nel mondo.<\/p>\n<\/blockquote>\n<p><img decoding=\"async\" class=\"aligncenter size-full wp-image-3461\" title=\"Copertina\" src=\"http:\/\/www.cercoiltuovolto.it\/\/wp-content\/uploads\/2009\/02\/39_ilmondodibarbara.jpg\" alt=\"Copertina\" \/>Un mondo aperto, vivo, ispirato, che ama. Il mondo di Barbara.<\/p>\n<p style=\"text-align: justify;\">Il DVD contiene il film, il trailer, il saluto della madre generale, la cronologia della vita di Barbara Micarelli, i videoclip delle missioni in Albania, Filippine, Per\u00f9.<\/p>\n<h3>Dati utili<\/h3>\n<ul>\n<li><strong>Lingue <\/strong>Italiano, inglese e spagnolo.<\/li>\n<li><strong>Durata <\/strong>97 minuti<\/li>\n<li><strong>Prezzo<\/strong> \u20ac 15,00<\/li>\n<li><strong>Produzione <\/strong>Suore Francescane Missionarie di Ges\u00f9 Bambino, 2009.<\/li>\n<\/ul>\n<p style=\"text-align: center;\">\n<p class=\"acquista-paragrafo\"><a href=\"http:\/\/sviluppo.nova-t.it\/cms\/index.php?option=com_content&amp;task=view&amp;id=812&amp;Itemid=163\" target=\"_blank\">Acquista il dvd<\/a><\/p>\n<p><br class=\"spacer_\" \/><\/p>\n","protected":false},"excerpt":{"rendered":"<p>La missione e le attivit\u00e0 delle Suore Francescane Missionarie di Ges\u00f9 Bambino, figlie di Barbara Micarelli, raccontate attraverso i volti, i pensieri, le attivit\u00e0 quotidiane delle loro case sparse nel mondo. Un mondo aperto, vivo, ispirato, che ama. Il mondo di Barbara. Il DVD contiene il film, il trailer, il saluto della madre generale, la&#8230;<\/p>\n","protected":false},"author":3,"featured_media":0,"comment_status":"closed","ping_status":"closed","sticky":false,"template":"","format":"standard","meta":{"_kad_post_transparent":"","_kad_post_title":"","_kad_post_layout":"","_kad_post_sidebar_id":"","_kad_post_content_style":"","_kad_post_vertical_padding":"","_kad_post_feature":"","_kad_post_feature_position":"","_kad_post_header":false,"_kad_post_footer":false,"_kad_post_classname":"","footnotes":""},"categories":[99,133],"tags":[22,113],"class_list":["post-227895","post","type-post","status-publish","format-standard","hentry","category-99","category-film","tag-francescani","tag-video"],"_links":{"self":[{"href":"https:\/\/archivio.cercoiltuovolto.it\/index.php?rest_route=\/wp\/v2\/posts\/227895","targetHints":{"allow":["GET"]}}],"collection":[{"href":"https:\/\/archivio.cercoiltuovolto.it\/index.php?rest_route=\/wp\/v2\/posts"}],"about":[{"href":"https:\/\/archivio.cercoiltuovolto.it\/index.php?rest_route=\/wp\/v2\/types\/post"}],"author":[{"embeddable":true,"href":"https:\/\/archivio.cercoiltuovolto.it\/index.php?rest_route=\/wp\/v2\/users\/3"}],"replies":[{"embeddable":true,"href":"https:\/\/archivio.cercoiltuovolto.it\/index.php?rest_route=%2Fwp%2Fv2%2Fcomments&post=227895"}],"version-history":[{"count":0,"href":"https:\/\/archivio.cercoiltuovolto.it\/index.php?rest_route=\/wp\/v2\/posts\/227895\/revisions"}],"wp:attachment":[{"href":"https:\/\/archivio.cercoiltuovolto.it\/index.php?rest_route=%2Fwp%2Fv2%2Fmedia&parent=227895"}],"wp:term":[{"taxonomy":"category","embeddable":true,"href":"https:\/\/archivio.cercoiltuovolto.it\/index.php?rest_route=%2Fwp%2Fv2%2Fcategories&post=227895"},{"taxonomy":"post_tag","embeddable":true,"href":"https:\/\/archivio.cercoiltuovolto.it\/index.php?rest_route=%2Fwp%2Fv2%2Ftags&post=227895"}],"curies":[{"name":"wp","href":"https:\/\/api.w.org\/{rel}","templated":true}]}}