{"id":227891,"date":"2009-02-10T00:01:42","date_gmt":"2009-02-10T00:01:42","guid":{"rendered":"https:\/\/archivio.cercoiltuovolto.it\/?p=227891"},"modified":"2009-02-10T00:01:42","modified_gmt":"2009-02-10T00:01:42","slug":"video-commento-domenica-15-febbraio-2009-vi-t-ord","status":"publish","type":"post","link":"https:\/\/archivio.cercoiltuovolto.it\/?p=227891","title":{"rendered":"Video Commento &#8211; Domenica 15 febbraio 2009 (VI T. Ord.)"},"content":{"rendered":"<p style=\"text-align: justify;\">Il <strong>Vangelo di Marco (1,40-45)<\/strong> \u00e8 un racconto di miracolo e le sue sottolineature sono almeno tre. La prima \u00e8 che il miracolo \u00e8 legato alla fede: suppone la fede, suppone che<a rel=\"lightbox\" href=\"http:\/\/www.cercoiltuovolto.it\/\/wp-content\/uploads\/2009\/02\/d330.jpg\"><img loading=\"lazy\" decoding=\"async\" class=\"alignright size-full wp-image-3443\" title=\"Guarigione del lebbroso\" src=\"http:\/\/www.cercoiltuovolto.it\/\/wp-content\/uploads\/2009\/02\/d330.jpg\" alt=\"Guarigione del lebbroso\" width=\"100\" height=\"80\" \/><\/a> l&#8217;uomo prenda coscienza della sua situazione (dalla quale non pu\u00f2 uscire) e si affidi alla potenza di Ges\u00f9 (\u00ab<em>Lo supplicava in ginocchio e diceva: se vuoi, puoi guarirmi<\/em>\u00bb). Cos\u00ec il miracolo diventa una lezione, la prova che la salvezza non \u00e8 opera dell&#8217;uomo, ma dono di Dio. <a href=\"http:\/\/marcodaviano.wordpress.com\" target=\"_blank\">don Bruno Maggioni<\/a><\/p>\n<p style=\"text-align: justify;\">\n","protected":false},"excerpt":{"rendered":"<p>Il Vangelo di Marco (1,40-45) \u00e8 un racconto di miracolo e le sue sottolineature sono almeno tre. La prima \u00e8 che il miracolo \u00e8 legato alla fede: suppone la fede, suppone che l&#8217;uomo prenda coscienza della sua situazione (dalla quale non pu\u00f2 uscire) e si affidi alla potenza di Ges\u00f9 (\u00abLo supplicava in ginocchio e&#8230;<\/p>\n","protected":false},"author":3,"featured_media":0,"comment_status":"closed","ping_status":"closed","sticky":false,"template":"","format":"standard","meta":{"_kad_post_transparent":"","_kad_post_title":"","_kad_post_layout":"","_kad_post_sidebar_id":"","_kad_post_content_style":"","_kad_post_vertical_padding":"","_kad_post_feature":"","_kad_post_feature_position":"","_kad_post_header":false,"_kad_post_footer":false,"_kad_post_classname":"","footnotes":""},"categories":[99,147],"tags":[113],"class_list":["post-227891","post","type-post","status-publish","format-standard","hentry","category-99","category-commento-al-vangelo","tag-video"],"_links":{"self":[{"href":"https:\/\/archivio.cercoiltuovolto.it\/index.php?rest_route=\/wp\/v2\/posts\/227891","targetHints":{"allow":["GET"]}}],"collection":[{"href":"https:\/\/archivio.cercoiltuovolto.it\/index.php?rest_route=\/wp\/v2\/posts"}],"about":[{"href":"https:\/\/archivio.cercoiltuovolto.it\/index.php?rest_route=\/wp\/v2\/types\/post"}],"author":[{"embeddable":true,"href":"https:\/\/archivio.cercoiltuovolto.it\/index.php?rest_route=\/wp\/v2\/users\/3"}],"replies":[{"embeddable":true,"href":"https:\/\/archivio.cercoiltuovolto.it\/index.php?rest_route=%2Fwp%2Fv2%2Fcomments&post=227891"}],"version-history":[{"count":0,"href":"https:\/\/archivio.cercoiltuovolto.it\/index.php?rest_route=\/wp\/v2\/posts\/227891\/revisions"}],"wp:attachment":[{"href":"https:\/\/archivio.cercoiltuovolto.it\/index.php?rest_route=%2Fwp%2Fv2%2Fmedia&parent=227891"}],"wp:term":[{"taxonomy":"category","embeddable":true,"href":"https:\/\/archivio.cercoiltuovolto.it\/index.php?rest_route=%2Fwp%2Fv2%2Fcategories&post=227891"},{"taxonomy":"post_tag","embeddable":true,"href":"https:\/\/archivio.cercoiltuovolto.it\/index.php?rest_route=%2Fwp%2Fv2%2Ftags&post=227891"}],"curies":[{"name":"wp","href":"https:\/\/api.w.org\/{rel}","templated":true}]}}