{"id":227876,"date":"2009-02-05T09:39:48","date_gmt":"2009-02-05T09:39:48","guid":{"rendered":"https:\/\/archivio.cercoiltuovolto.it\/?p=227876"},"modified":"2009-02-05T09:39:48","modified_gmt":"2009-02-05T09:39:48","slug":"video-vangelo-del-08022009-quinta-domenica-del-tempo-ordinario","status":"publish","type":"post","link":"https:\/\/archivio.cercoiltuovolto.it\/?p=227876","title":{"rendered":"Video Vangelo del 08\/02\/2009 &#8211; Quinta Domenica del Tempo Ordinario"},"content":{"rendered":"<p style=\"text-align: center;\"><img loading=\"lazy\" decoding=\"async\" style=\"border: 0px solid #000000; margin: 5px; width: 304px; height: 140px;\" title=\"Audiovisivi\" src=\"http:\/\/www.cercoiltuovolto.it\/\/images\/stories\/logo\/logo_testata_audiovisivi.jpg\" alt=\"Audiovisivi\" width=\"304\" height=\"140\" \/><\/p>\n<p style=\"text-align: left;\"><strong>Guarda il video della lettura del vangelo<\/strong> della settimana e le riflessioni affidate a diversi commentatori.<\/p>\n<p style=\"text-align: left;\"><strong>Video Vangelo<\/strong> del  8 febbraio 2009 &#8211; <strong>V DOMENICA   DEL TEMPO ORDINARIO      (ANNO B)<\/strong><\/p>\n<p style=\"text-align: left;\"><strong> <\/strong><strong>Commento <\/strong>di don Mario Neva | <strong>Lettrice<\/strong> Elena Gianni | <strong>Fonte<\/strong>: Voce Audiovisivi<\/p>\n<p style=\"text-align: left;\">[display_podcast]<\/p>\n<p style=\"text-align: left;\">\u00a0<\/p>\n<blockquote>\n<p><strong> Vangelo <\/strong>Mc 1,29-39<br \/>\n <em>Guar\u00ec molti che erano affetti   da varie malattie.<\/em><\/p>\n<p><a rel=\"lightbox\" href=\"http:\/\/www.cercoiltuovolto.it\/\/wp-content\/uploads\/2009\/02\/0015980_ps1.jpg\"><img loading=\"lazy\" decoding=\"async\" class=\"size-full wp-image-3355 alignleft\" title=\"Ges\u00f9 prega in un luogo solitario\" src=\"http:\/\/www.cercoiltuovolto.it\/\/wp-content\/uploads\/2009\/02\/0015980_ps1.jpg\" alt=\"\" width=\"277\" height=\"171\" \/><\/a><\/p>\n<p style=\"text-align: justify;\"><strong>+Dal Vangelo secondo Marco <\/strong><br \/>\n In quel tempo, Ges\u00f9, uscito dalla sinagoga, subito and\u00f2 nella casa di Simone e Andrea, in compagnia di Giacomo e Giovanni. La suocera di Simone era a letto con la febbre e subito gli parlarono di lei. <br \/>\n Egli si avvicin\u00f2 e la fece alzare   prendendola per mano; la febbre la lasci\u00f2 ed ella li serviva.<br \/>\n Venuta la sera,   dopo il tramonto del sole, gli portavano tutti i malati e gli indemoniati. <br \/>\n Tutta la citt\u00e0 era riunita davanti alla porta. Guar\u00ec molti che erano affetti da varie malattie e scacci\u00f2 molti dem\u00f2ni; ma non permetteva ai dem\u00f2ni di parlare, perch\u00e9 lo conoscevano.<br \/>\n<strong> Al mattino presto si alz\u00f2 quando ancora era buio e, uscito, si ritir\u00f2 in un luogo deserto, e l\u00e0 pregava.<\/strong> Ma Simone e quelli che erano con lui si misero sulle sue tracce. Lo trovarono e gli dissero: \u00abTutti ti cercano!\u00bb. Egli disse loro: \u00abAndiamocene altrove, nei villaggi vicini, perch\u00e9 io predichi anche l\u00e0; per questo infatti sono venuto!\u00bb. <br \/>\n E and\u00f2 per tutta la Galilea,   predicando nelle loro sinagoghe e scacciando i dem\u00f2ni.<\/p>\n<\/blockquote>\n<p class=\"info\"><strong>Fonte del video<\/strong>: Centro Audiovisivi &#8211; La Buona Notizia<\/p>\n","protected":false},"excerpt":{"rendered":"<p>Guarda il video della lettura del vangelo della settimana e le riflessioni affidate a diversi commentatori. Video Vangelo del 8 febbraio 2009 &#8211; V DOMENICA DEL TEMPO ORDINARIO (ANNO B) Commento di don Mario Neva | Lettrice Elena Gianni | Fonte: Voce Audiovisivi [display_podcast] \u00a0 Vangelo Mc 1,29-39 Guar\u00ec molti che erano affetti da varie&#8230;<\/p>\n","protected":false},"author":3,"featured_media":0,"comment_status":"closed","ping_status":"closed","sticky":false,"template":"","format":"standard","meta":{"_kad_post_transparent":"","_kad_post_title":"","_kad_post_layout":"","_kad_post_sidebar_id":"","_kad_post_content_style":"","_kad_post_vertical_padding":"","_kad_post_feature":"","_kad_post_feature_position":"","_kad_post_header":false,"_kad_post_footer":false,"_kad_post_classname":"","footnotes":""},"categories":[99,147],"tags":[42,113],"class_list":["post-227876","post","type-post","status-publish","format-standard","hentry","category-99","category-commento-al-vangelo","tag-lettura-del-vangelo","tag-video"],"_links":{"self":[{"href":"https:\/\/archivio.cercoiltuovolto.it\/index.php?rest_route=\/wp\/v2\/posts\/227876","targetHints":{"allow":["GET"]}}],"collection":[{"href":"https:\/\/archivio.cercoiltuovolto.it\/index.php?rest_route=\/wp\/v2\/posts"}],"about":[{"href":"https:\/\/archivio.cercoiltuovolto.it\/index.php?rest_route=\/wp\/v2\/types\/post"}],"author":[{"embeddable":true,"href":"https:\/\/archivio.cercoiltuovolto.it\/index.php?rest_route=\/wp\/v2\/users\/3"}],"replies":[{"embeddable":true,"href":"https:\/\/archivio.cercoiltuovolto.it\/index.php?rest_route=%2Fwp%2Fv2%2Fcomments&post=227876"}],"version-history":[{"count":0,"href":"https:\/\/archivio.cercoiltuovolto.it\/index.php?rest_route=\/wp\/v2\/posts\/227876\/revisions"}],"wp:attachment":[{"href":"https:\/\/archivio.cercoiltuovolto.it\/index.php?rest_route=%2Fwp%2Fv2%2Fmedia&parent=227876"}],"wp:term":[{"taxonomy":"category","embeddable":true,"href":"https:\/\/archivio.cercoiltuovolto.it\/index.php?rest_route=%2Fwp%2Fv2%2Fcategories&post=227876"},{"taxonomy":"post_tag","embeddable":true,"href":"https:\/\/archivio.cercoiltuovolto.it\/index.php?rest_route=%2Fwp%2Fv2%2Ftags&post=227876"}],"curies":[{"name":"wp","href":"https:\/\/api.w.org\/{rel}","templated":true}]}}