{"id":227875,"date":"2009-02-05T09:08:53","date_gmt":"2009-02-05T09:08:53","guid":{"rendered":"https:\/\/archivio.cercoiltuovolto.it\/?p=227875"},"modified":"2009-02-05T09:08:53","modified_gmt":"2009-02-05T09:08:53","slug":"commento-al-vangelo-domenica-8-febbraio-2009","status":"publish","type":"post","link":"https:\/\/archivio.cercoiltuovolto.it\/?p=227875","title":{"rendered":"Commento al Vangelo &#8211; Domenica 8 febbraio 2009"},"content":{"rendered":"<p style=\"text-align: justify;\">Questa \u00e8 una rielaborazione <strong>audio\/video<\/strong> sulle letture della Messa di:<strong><em> DOMENICA 8 Febbraio 2009 &#8211; V DOMENICA DEL TEMPO ORDINARIO <\/em><\/strong>(Anno B) a cura di <a href=\"http:\/\/www.bellanotizia.it\" target=\"_blank\">Antonio Di Lieto<\/a>.   Il titolo della Messa, che unifica tutte le letture, secondo l&#8217;autore \u00e8: <strong>Ci fa stare bene !<\/strong><\/p>\n<h3>Ascolta il commento<strong><br \/>\n<\/strong><\/h3>\n<p style=\"text-align: justify;\">[audio:http:\/\/www.bellanotizia.it\/Materiali\/2009%20ANNO%20B\/15%20VTO%20cifastarebene\/08_Feb_09_-_Ci_fa_stare_bene_!-.mp3]<\/p>\n<h3>Guarda il commento<br \/>\n<\/h3>\n<p style=\"text-align: justify;\">\n<blockquote>\n<h4>PRIMA LETTURA (dal libro di Giobbe 7,1-4.6-7)<\/h4>\n<p style=\"text-align: justify;\"><a rel=\"lightbox\" href=\"http:\/\/www.cercoiltuovolto.it\/\/wp-content\/uploads\/2009\/02\/occhi.jpg\"><img loading=\"lazy\" decoding=\"async\" class=\"size-full wp-image-3344 alignleft\" title=\"occhio\" src=\"http:\/\/www.cercoiltuovolto.it\/\/wp-content\/uploads\/2009\/02\/occhi.jpg\" alt=\"occhio\" width=\"365\" height=\"172\" \/><\/a>Giobbe era molto malato: e non STAVA BENE. Allora esclam\u00f2 scoraggiato: &#8220;L&#8217;uomo sulla terra non fa altro che soffrire e lavorare: peggio di un facchino! Persino gli schiavi infatti si riposano all&#8217;ombra ed i facchini ricevono il salario: io invece ho ricevuto solo giornate d&#8217;illusione e nottate d&#8217;affanno. Quando mi corico dico: \u00abSperiamo che il mattino arrivi presto!\u00bb. Ed invece non chiudo occhio tutta la notte: girandomi e rigirandomi nel letto. Ed anche le mie giornate si consumano come un gomitolo di lana: senza un filo di speranza. Per questo Signore, ti prego: non dimenticarti di me. Mi \u00e8 rimasto solo un soffio di vita, quindi guariscimi: prima che sia troppo tardi. F\u00e0 che io possa tornare a STARE BENE !&#8221;.<\/p>\n<h4>SALMO RESPONSORIALE (Salmo 146,1-6)<\/h4>\n<p style=\"text-align: justify;\">Tu che sei il Dio della vita, risanaci Signore: FACCI STARE BENE! Com&#8217;\u00e8 bello cantare inni al nostro Dio: com&#8217;\u00e8 dolce lodarlo e ringraziarlo. Lui ricostruir\u00e0 la nostra citt\u00e0: radunando quelli che si sono dispersi. Il Signore che pu\u00f2 contare tutte le stelle e chiamarle tutte per nome, risaner\u00e0 i nostri cuori affranti: e fascer\u00e0 le nostre ferite. Grande infatti \u00e8 il Signore nostro, grande e potente: la Sua sapienza \u00e8 infinita. Sia benedetto Dio che fa cadere a terra i malvagi e risolleva gli umili: CI F\u00c0 STARE BENE e ci protegge !<\/p>\n<h4>SECONDA LETTURA (dalla prima lettera di Paolo ai cristiani di Cor\u00ecnto 9,16-19.22-23)<\/h4>\n<p style=\"text-align: justify;\">Carissimi fratelli, annunciare il &#8220;Vangelo&#8221; &#8211; la &#8220;Bellanotizia&#8221; di Cristo &#8211; per me \u00e8 una necessit\u00e0: non una cosa che faccio per vantarmi. Parlare di Cristo infatti MI FA STARE BENE: e guai se non lo facessi! Non ho deciso infatti di farlo di mia iniziativa, ma \u00e8 un incarico che mi \u00e8 stato affidato: e non lo faccio per ottenere una ricompensa, ma perch\u00e8 ho il dovere di farlo. Qual&#8217;\u00e8 allora la mia ricompensa? Quella di annunciare gratuitamente il Vangelo! E non voglio nemmeno usufruire dei diritti che il Vangelo mi conferisce. Cristo infatti mi ha reso libero da tutti, ma io mi faccio servo di tutti: per portarlo a pi\u00f9 persone possibile. Mi faccio debole: per portarlo ai deboli. Mi faccio tutto, per portarlo a tutti: nella speranza di salvare ad ogni costo qualcuno. Tutto quello che faccio quindi, lo faccio per il vangelo. Per poter essere anche io partecipe della magnifica promessa di Cristo: quella di entrare nel Suo regno, in cui si STARA&#8217; BENE per l&#8217;eternit\u00e0 !<\/p>\n<h4>VANGELO (Marco 1,29-39)<\/h4>\n<p style=\"text-align: justify;\">Un sabato Ges\u00f9 era appena uscito dalla sinagoga di Caf\u00e0rnao e, con i fratelli Giacomo e Giovanni, si era recato a casa di Simon Pietro e di suo fratello Andrea. La suocera di Pietro NON STAVA BENE: era a letto con la febbre altissima. Preoccupati allora, subito lo dissero a Ges\u00f9.<br \/>\n Di sabato era assolutamente proibito compiere ogni gesto fisico anche minimo, ma Ges\u00f9 non se ne cur\u00f2: corse immediatamente al capezzale della donna e la fece alzare prendendola per mano. In quel momento la febbre se ne and\u00f2 ed anche se di sabato era proibito, quella si mise a preparare qualcosa per loro ed a servirli.<br \/>\n Fattosi buio l&#8217;obbligo del riposo del sabato terminava, cos\u00ec tutti vennero a portargli malati: tanti che davanti a quella porta, praticamente si era riunita tutta la citt\u00e0! Cos\u00ec quella sera guar\u00ec tante persone, perch\u00e8 i dem\u00f2ni lo riconoscevano: e scappavano via terrorizzati!<br \/>\n Il giorno dopo Ges\u00f9 si alz\u00f2 che era ancora buio e si rec\u00f2 in un luogo isolato: per pregare. Ma Simon Pietro e gli altri si misero sulle sue tracce, lo trovarono e gli dissero: &#8220;Maestro, a Caf\u00e0rnao tutti ti stanno cercando!&#8221;. Ges\u00f9 per\u00f2 rispose: &#8220;Mi dispiace, ma ora devo andare nei villaggi vicini. Anche loro hanno il diritto di ricevere la mia bellanotizia: perch\u00e8 Io sono venuto per tutti!&#8221;.<br \/>\n E cos\u00ec and\u00f2 per tutta la regione della Galil\u00e8a, predicando nelle sinagoghe e guarendo molti indemoniati e malati. Insomma tutti quelli che andavano da Lui ritrovavano il sorriso: perch\u00e8 Lui LI FACEVA STARE BENE !<\/p>\n<\/blockquote>\n<p style=\"text-align: justify;\">\u00a0<\/p>\n<p class=\"info\" style=\"text-align: justify;\">Il video \u00e8 possibile guardarlo anche su Gloria.tv<\/p>\n<p style=\"text-align: justify;\"><span class=\"morebis\"><img loading=\"lazy\" decoding=\"async\" style=\"border: 0pt none; vertical-align: middle;\" title=\"Link\" src=\"http:\/\/www.cercoiltuovolto.it\/\/images\/web.png\" alt=\"Link\" width=\"24\" height=\"24\" \/> <\/span><strong>Sul sito<\/strong> <a href=\"http:\/\/www.bellanotizia.it\/\" target=\"_blank\">http:\/\/www.bellanotizia.it<\/a> puoi scaricare tante altre &#8220;bellenotizie&#8221;, anche in forma di registrazione-audio e presentazione-video, oltre a diversi miei articoli, scritti, corrispondenze-mail ed ipotesi innovative.<br \/>\n <img loading=\"lazy\" decoding=\"async\" style=\"border: 0pt none; vertical-align: middle;\" title=\"Note\" src=\"http:\/\/www.cercoiltuovolto.it\/\/images\/notes.png\" alt=\"Note\" width=\"24\" height=\"24\" \/> <strong>Note<\/strong>: L&#8217;autore precisa che, anche se la lettura di queste bellenotizie aiuta a comprendere la prima parte della Messa (Liturgia della Parola), non potr\u00e0 mai sostituire la seconda parte (Liturgia eucaristica), in cui ci viene data la possibilit\u00e0 di &#8220;abbracciare&#8221; veramente il Corpo di Cristo.<\/p>\n<p style=\"text-align: justify;\"><strong>Foto<\/strong>: Su <a href=\"http:\/\/www.flickr.com\/photos\/bolbshine\/779651316\/\" target=\"_blank\">Flickr<\/a><\/p>\n","protected":false},"excerpt":{"rendered":"<p>Questa \u00e8 una rielaborazione audio\/video sulle letture della Messa di: DOMENICA 8 Febbraio 2009 &#8211; V DOMENICA DEL TEMPO ORDINARIO (Anno B) a cura di Antonio Di Lieto. Il titolo della Messa, che unifica tutte le letture, secondo l&#8217;autore \u00e8: Ci fa stare bene ! Ascolta il commento [audio:http:\/\/www.bellanotizia.it\/Materiali\/2009%20ANNO%20B\/15%20VTO%20cifastarebene\/08_Feb_09_-_Ci_fa_stare_bene_!-.mp3] Guarda il commento PRIMA LETTURA (dal&#8230;<\/p>\n","protected":false},"author":3,"featured_media":0,"comment_status":"closed","ping_status":"closed","sticky":false,"template":"","format":"standard","meta":{"_kad_post_transparent":"","_kad_post_title":"","_kad_post_layout":"","_kad_post_sidebar_id":"","_kad_post_content_style":"","_kad_post_vertical_padding":"","_kad_post_feature":"","_kad_post_feature_position":"","_kad_post_header":false,"_kad_post_footer":false,"_kad_post_classname":"","footnotes":""},"categories":[99,4],"tags":[34,5],"class_list":["post-227875","post","type-post","status-publish","format-standard","hentry","category-99","category-audio-cattolici","tag-bella-notizia","tag-commento-al-vangelo"],"_links":{"self":[{"href":"https:\/\/archivio.cercoiltuovolto.it\/index.php?rest_route=\/wp\/v2\/posts\/227875","targetHints":{"allow":["GET"]}}],"collection":[{"href":"https:\/\/archivio.cercoiltuovolto.it\/index.php?rest_route=\/wp\/v2\/posts"}],"about":[{"href":"https:\/\/archivio.cercoiltuovolto.it\/index.php?rest_route=\/wp\/v2\/types\/post"}],"author":[{"embeddable":true,"href":"https:\/\/archivio.cercoiltuovolto.it\/index.php?rest_route=\/wp\/v2\/users\/3"}],"replies":[{"embeddable":true,"href":"https:\/\/archivio.cercoiltuovolto.it\/index.php?rest_route=%2Fwp%2Fv2%2Fcomments&post=227875"}],"version-history":[{"count":0,"href":"https:\/\/archivio.cercoiltuovolto.it\/index.php?rest_route=\/wp\/v2\/posts\/227875\/revisions"}],"wp:attachment":[{"href":"https:\/\/archivio.cercoiltuovolto.it\/index.php?rest_route=%2Fwp%2Fv2%2Fmedia&parent=227875"}],"wp:term":[{"taxonomy":"category","embeddable":true,"href":"https:\/\/archivio.cercoiltuovolto.it\/index.php?rest_route=%2Fwp%2Fv2%2Fcategories&post=227875"},{"taxonomy":"post_tag","embeddable":true,"href":"https:\/\/archivio.cercoiltuovolto.it\/index.php?rest_route=%2Fwp%2Fv2%2Ftags&post=227875"}],"curies":[{"name":"wp","href":"https:\/\/api.w.org\/{rel}","templated":true}]}}