{"id":227872,"date":"2009-02-04T15:28:08","date_gmt":"2009-02-04T15:28:08","guid":{"rendered":"https:\/\/archivio.cercoiltuovolto.it\/?p=227872"},"modified":"2009-02-04T15:28:08","modified_gmt":"2009-02-04T15:28:08","slug":"la-bellezza-della-fede","status":"publish","type":"post","link":"https:\/\/archivio.cercoiltuovolto.it\/?p=227872","title":{"rendered":"&#8220;La bellezza della fede&#8221;"},"content":{"rendered":"<p style=\"text-align: justify;\"><a href=\"http:\/\/www.ibs.it\/code\/9788820981556\/tettamanzi-dionigi\/bellezza-della-fede.html?shop=3462\" target=\"_blank\"><img decoding=\"async\" class=\"alignleft size-full wp-image-3332\" title=\"bellezza-fede\" src=\"http:\/\/www.cercoiltuovolto.it\/\/wp-content\/uploads\/2009\/02\/bellezza-fede.jpg\" alt=\"bellezza-fede\" \/><\/a>Il volume raccoglie una serie di interventi pronunciati dal Cardinale Dionigi Tettamanzi in alcune circostanze e a varie assemblee giovanili. Ne deriva un libro ricco di spunti di riflessioni e di orientamenti per tutti. Un vero e proprio percorso educativo che affronta i molteplici aspetti della pastorale giovanile: l&#8217;incontro con Cristo; il dono della fede; la gioia della testimonianza e la vocazione all&#8217;Amore; la passione educativa e la ricerca della Sapienza; la sinfonia delle vocazioni ed i giovani per la missione. Parole ricche di valenza pastorale e carit\u00e0 apostolica attente ora al processo di crescita individuale e sociale del mondo giovanile ora al ruolo delle istituzioni educative territoriali e degli educatori. Uno squarcio di vita ecclesiale fatto di inviti all&#8217;impegno e al servizio partendo dall&#8217;incontro con Cristo perch\u00e9 \u00e8 la sua realt\u00e0 ad illuminare tutti i problemi e tutte le attese inerenti alla vita della Chiesa e alla sua missione. Un libro quindi per tutta la comunit\u00e0 ecclesiale.<\/p>\n<h3>\n<\/h3>\n<p>[display_podcast]<\/p>\n<p><br class=\"spacer_\" \/><\/p>\n<h3>Informazioni utili<\/h3>\n<ul>\n<li><strong>Titolo <\/strong>La bellezza della fede<\/li>\n<li><strong>Autore <\/strong>Tettamanzi Dionigi<\/li>\n<li><strong>Prezzo <\/strong>\u20ac 18,00<\/li>\n<li><strong>Dati <\/strong>2009, 320 p. ca.<\/li>\n<li><strong>Editore <\/strong>L.E.V.<span class=\"tcorpotesto\"><\/span><\/li>\n<\/ul>\n<p class=\"acquista-paragrafo\"><a href=\"http:\/\/www.ibs.it\/code\/9788820981556\/tettamanzi-dionigi\/bellezza-della-fede.html?shop=3462\" target=\"_blank\">Acquista il libro<\/a> su IBS<\/p>\n","protected":false},"excerpt":{"rendered":"<p>Il volume raccoglie una serie di interventi pronunciati dal Cardinale Dionigi Tettamanzi in alcune circostanze e a varie assemblee giovanili. Ne deriva un libro ricco di spunti di riflessioni e di orientamenti per tutti. Un vero e proprio percorso educativo che affronta i molteplici aspetti della pastorale giovanile: l&#8217;incontro con Cristo; il dono della fede;&#8230;<\/p>\n","protected":false},"author":3,"featured_media":0,"comment_status":"closed","ping_status":"closed","sticky":false,"template":"","format":"standard","meta":{"_kad_post_transparent":"","_kad_post_title":"","_kad_post_layout":"","_kad_post_sidebar_id":"","_kad_post_content_style":"","_kad_post_vertical_padding":"","_kad_post_feature":"","_kad_post_feature_position":"","_kad_post_header":false,"_kad_post_footer":false,"_kad_post_classname":"","footnotes":""},"categories":[99,170],"tags":[17],"class_list":["post-227872","post","type-post","status-publish","format-standard","hentry","category-99","category-fede","tag-libri"],"_links":{"self":[{"href":"https:\/\/archivio.cercoiltuovolto.it\/index.php?rest_route=\/wp\/v2\/posts\/227872","targetHints":{"allow":["GET"]}}],"collection":[{"href":"https:\/\/archivio.cercoiltuovolto.it\/index.php?rest_route=\/wp\/v2\/posts"}],"about":[{"href":"https:\/\/archivio.cercoiltuovolto.it\/index.php?rest_route=\/wp\/v2\/types\/post"}],"author":[{"embeddable":true,"href":"https:\/\/archivio.cercoiltuovolto.it\/index.php?rest_route=\/wp\/v2\/users\/3"}],"replies":[{"embeddable":true,"href":"https:\/\/archivio.cercoiltuovolto.it\/index.php?rest_route=%2Fwp%2Fv2%2Fcomments&post=227872"}],"version-history":[{"count":0,"href":"https:\/\/archivio.cercoiltuovolto.it\/index.php?rest_route=\/wp\/v2\/posts\/227872\/revisions"}],"wp:attachment":[{"href":"https:\/\/archivio.cercoiltuovolto.it\/index.php?rest_route=%2Fwp%2Fv2%2Fmedia&parent=227872"}],"wp:term":[{"taxonomy":"category","embeddable":true,"href":"https:\/\/archivio.cercoiltuovolto.it\/index.php?rest_route=%2Fwp%2Fv2%2Fcategories&post=227872"},{"taxonomy":"post_tag","embeddable":true,"href":"https:\/\/archivio.cercoiltuovolto.it\/index.php?rest_route=%2Fwp%2Fv2%2Ftags&post=227872"}],"curies":[{"name":"wp","href":"https:\/\/api.w.org\/{rel}","templated":true}]}}