{"id":227860,"date":"2009-02-02T15:45:47","date_gmt":"2009-02-02T15:45:47","guid":{"rendered":"https:\/\/archivio.cercoiltuovolto.it\/?p=227860"},"modified":"2009-02-02T15:45:47","modified_gmt":"2009-02-02T15:45:47","slug":"video-omelia-domenica-8-febbraio-2008","status":"publish","type":"post","link":"https:\/\/archivio.cercoiltuovolto.it\/?p=227860","title":{"rendered":"Video Omelia &#8211; Domenica 8 febbraio 2008"},"content":{"rendered":"<p><em><a rel=\"lightbox\" href=\"http:\/\/www.cercoiltuovolto.it\/\/wp-content\/uploads\/2009\/02\/scan0030.jpg\"><img loading=\"lazy\" decoding=\"async\" class=\"alignleft size-full wp-image-3269\" title=\"Ges\u00f9 guarisce la suocera di Pietro\" src=\"http:\/\/www.cercoiltuovolto.it\/\/wp-content\/uploads\/2009\/02\/scan0030.jpg\" alt=\"Ges\u00f9 guarisce la suocera di Pietro\" width=\"239\" height=\"289\" \/><\/a>Mc 1,29-39<\/em> &#8211; <strong>La \u00abfretta\u00bb di annunciare il Regno<\/strong> &#8211; don Bruno Maggioni<\/p>\n<p style=\"text-align: justify;\">La suocera di Simone era a letto con la febbre e subito gli parlarono di lei. Egli, accostatosi, la sollev\u00f2 prendendola per mano; la febbre la lasci\u00f2 ed essa si mise a servirli. Venuta la sera, dopo il tramonto del sole, gli portavano tutti i malati e gli indemoniati. Tutta la citt\u00e0 era riunita davanti alla porta. Guar\u00ec molti che erano afflitti da varie malattie e scacci\u00f2 molti dem\u00f2ni; ma non permetteva ai dem\u00f2ni di parlare, perch\u00e9 lo conoscevano. Al mattino si alz\u00f2 quando ancora era buio e, uscito di casa, si ritir\u00f2 in un luogo deserto e l\u00e0 pregava. Ma Simone e quelli che erano con lui si misero sulle sue tracce e, trovatolo, gli dissero: \u00abTutti ti cercano!\u00bb. Egli disse loro: \u00abAndiamocene altrove per i villaggi vicini, perch\u00e9 io predichi anche l\u00e0\u00bb. (<a href=\"http:\/\/marcodaviano.wordpress.com\/2009\/02\/01\/la-fretta-di-annunciare-il-regno\/\" target=\"_blank\">leggi tutto il commento nel sito della Comunit\u00e0 Cattolica italiana in ungheria<\/a>)<\/p>\n<p style=\"text-align: justify;\">[display_podcast]<\/p>\n","protected":false},"excerpt":{"rendered":"<p>Mc 1,29-39 &#8211; La \u00abfretta\u00bb di annunciare il Regno &#8211; don Bruno Maggioni La suocera di Simone era a letto con la febbre e subito gli parlarono di lei. Egli, accostatosi, la sollev\u00f2 prendendola per mano; la febbre la lasci\u00f2 ed essa si mise a servirli. Venuta la sera, dopo il tramonto del sole, gli&#8230;<\/p>\n","protected":false},"author":3,"featured_media":0,"comment_status":"closed","ping_status":"closed","sticky":false,"template":"","format":"standard","meta":{"_kad_post_transparent":"","_kad_post_title":"","_kad_post_layout":"","_kad_post_sidebar_id":"","_kad_post_content_style":"","_kad_post_vertical_padding":"","_kad_post_feature":"","_kad_post_feature_position":"","_kad_post_header":false,"_kad_post_footer":false,"_kad_post_classname":"","footnotes":""},"categories":[99,147],"tags":[22,113],"class_list":["post-227860","post","type-post","status-publish","format-standard","hentry","category-99","category-commento-al-vangelo","tag-francescani","tag-video"],"_links":{"self":[{"href":"https:\/\/archivio.cercoiltuovolto.it\/index.php?rest_route=\/wp\/v2\/posts\/227860","targetHints":{"allow":["GET"]}}],"collection":[{"href":"https:\/\/archivio.cercoiltuovolto.it\/index.php?rest_route=\/wp\/v2\/posts"}],"about":[{"href":"https:\/\/archivio.cercoiltuovolto.it\/index.php?rest_route=\/wp\/v2\/types\/post"}],"author":[{"embeddable":true,"href":"https:\/\/archivio.cercoiltuovolto.it\/index.php?rest_route=\/wp\/v2\/users\/3"}],"replies":[{"embeddable":true,"href":"https:\/\/archivio.cercoiltuovolto.it\/index.php?rest_route=%2Fwp%2Fv2%2Fcomments&post=227860"}],"version-history":[{"count":0,"href":"https:\/\/archivio.cercoiltuovolto.it\/index.php?rest_route=\/wp\/v2\/posts\/227860\/revisions"}],"wp:attachment":[{"href":"https:\/\/archivio.cercoiltuovolto.it\/index.php?rest_route=%2Fwp%2Fv2%2Fmedia&parent=227860"}],"wp:term":[{"taxonomy":"category","embeddable":true,"href":"https:\/\/archivio.cercoiltuovolto.it\/index.php?rest_route=%2Fwp%2Fv2%2Fcategories&post=227860"},{"taxonomy":"post_tag","embeddable":true,"href":"https:\/\/archivio.cercoiltuovolto.it\/index.php?rest_route=%2Fwp%2Fv2%2Ftags&post=227860"}],"curies":[{"name":"wp","href":"https:\/\/api.w.org\/{rel}","templated":true}]}}