{"id":227829,"date":"2009-01-25T07:00:28","date_gmt":"2009-01-25T07:00:28","guid":{"rendered":"https:\/\/archivio.cercoiltuovolto.it\/?p=227829"},"modified":"2009-01-25T07:00:28","modified_gmt":"2009-01-25T07:00:28","slug":"raggi-di-terra-padre-e-figlio-si-raccontano","status":"publish","type":"post","link":"https:\/\/archivio.cercoiltuovolto.it\/?p=227829","title":{"rendered":"&#8220;Raggi di Terra&#8221; &#8211; padre e figlio si raccontano"},"content":{"rendered":"<p style=\"text-align: justify;\"><a rel=\"lightbox\" href=\"http:\/\/www.cercoiltuovolto.it\/\/wp-content\/uploads\/2009\/01\/libroperillo.jpg\"><img loading=\"lazy\" decoding=\"async\" class=\"alignleft size-medium wp-image-3022\" title=\"Copertina del libro\" src=\"http:\/\/www.cercoiltuovolto.it\/\/wp-content\/uploads\/2009\/01\/libroperillo-190x300.jpg\" alt=\"Copertina del libro\" width=\"114\" height=\"180\" \/><\/a>Padri e figli che mai come oggi parlano linguaggi totalmente diversi, spesso sono incapaci di trovare parole per raccontarsi l\u2019un l\u2019altro e arricchirsi l\u2019uno dell\u2019esperienza dell\u2019altro. Francesco e Marco Perillo, padre e figlio, hanno invece avuto il coraggio e l\u2019umilt\u00e0 di trovare la strada di un dialogo autentico. Si incontrano sul piano delle emozioni, quelle che non hanno et\u00e0 perch\u00e9 nascono da una vibrazione dell\u2019anima, e danno vita a \u201c<a class=\"st_tag internal_tag\" title=\"Post marcati con Raggi di terra\" rel=\"tag\" href=\"http:\/\/www.videocomunicazioni.com\/tag\/raggi-di-terra\/\">Raggi di Terra<\/a>, un libro edito da Guida. Scritti con \u201cmani da adulto e il cuore di un bambino\u201d, i versi di Francesco e Marco offrono la possibilit\u00e0 di scorgere quella traccia che segna il solco dell\u2019esistenza e svela il mistero della vita e l\u2019amore dell\u2019Arciere che \u201ccome ama le frecce che volano, cos\u00ec ama l\u2019arco che sta fermo\u201d.<\/p>\n<h4>Guarda il filmato della presentazione<\/h4>\n<p>[flv]http:\/\/www.videocomunicazioni.com\/VIDEOTGFLV2008\/220109raggiditerra.flv[\/flv]<br \/>\nFonte: <a href=\"http:\/\/www.videocomunicazioni.com\/2009\/01\/22\/raggi-di-terra-padre-e-figlio-raccontano-il-loro-rapporto\/\" target=\"_blank\">Videocomunicazioni<\/a><\/p>\n<h3>Dati utili<\/h3>\n<ul>\n<li><strong>Titolo <\/strong>Raggi di terra<\/li>\n<li><strong>Autore <\/strong>Perillo Francesco; Perillo Marco<\/li>\n<li><strong>Prezzo <\/strong>\u20ac 9,00<\/li>\n<li><strong>Dati <\/strong>2007, 97 p.<\/li>\n<li><strong>Editore <\/strong>Guida  (collana Orizzonti)<\/li>\n<\/ul>\n<p class=\"acquista-paragrafo\"><a href=\"http:\/\/www.ibs.it\/code\/9788860423184\/perillo-francesco\/raggi-terra?shop=3462\" target=\"_blank\">Acquista il libro<\/a> su IBS<\/p>\n","protected":false},"excerpt":{"rendered":"<p>Padri e figli che mai come oggi parlano linguaggi totalmente diversi, spesso sono incapaci di trovare parole per raccontarsi l\u2019un l\u2019altro e arricchirsi l\u2019uno dell\u2019esperienza dell\u2019altro. Francesco e Marco Perillo, padre e figlio, hanno invece avuto il coraggio e l\u2019umilt\u00e0 di trovare la strada di un dialogo autentico. Si incontrano sul piano delle emozioni, quelle&#8230;<\/p>\n","protected":false},"author":3,"featured_media":0,"comment_status":"closed","ping_status":"closed","sticky":false,"template":"","format":"standard","meta":{"_kad_post_transparent":"","_kad_post_title":"","_kad_post_layout":"","_kad_post_sidebar_id":"","_kad_post_content_style":"","_kad_post_vertical_padding":"","_kad_post_feature":"","_kad_post_feature_position":"","_kad_post_header":false,"_kad_post_footer":false,"_kad_post_classname":"","footnotes":""},"categories":[99,129],"tags":[17],"class_list":["post-227829","post","type-post","status-publish","format-standard","hentry","category-99","category-famiglia","tag-libri"],"_links":{"self":[{"href":"https:\/\/archivio.cercoiltuovolto.it\/index.php?rest_route=\/wp\/v2\/posts\/227829","targetHints":{"allow":["GET"]}}],"collection":[{"href":"https:\/\/archivio.cercoiltuovolto.it\/index.php?rest_route=\/wp\/v2\/posts"}],"about":[{"href":"https:\/\/archivio.cercoiltuovolto.it\/index.php?rest_route=\/wp\/v2\/types\/post"}],"author":[{"embeddable":true,"href":"https:\/\/archivio.cercoiltuovolto.it\/index.php?rest_route=\/wp\/v2\/users\/3"}],"replies":[{"embeddable":true,"href":"https:\/\/archivio.cercoiltuovolto.it\/index.php?rest_route=%2Fwp%2Fv2%2Fcomments&post=227829"}],"version-history":[{"count":0,"href":"https:\/\/archivio.cercoiltuovolto.it\/index.php?rest_route=\/wp\/v2\/posts\/227829\/revisions"}],"wp:attachment":[{"href":"https:\/\/archivio.cercoiltuovolto.it\/index.php?rest_route=%2Fwp%2Fv2%2Fmedia&parent=227829"}],"wp:term":[{"taxonomy":"category","embeddable":true,"href":"https:\/\/archivio.cercoiltuovolto.it\/index.php?rest_route=%2Fwp%2Fv2%2Fcategories&post=227829"},{"taxonomy":"post_tag","embeddable":true,"href":"https:\/\/archivio.cercoiltuovolto.it\/index.php?rest_route=%2Fwp%2Fv2%2Ftags&post=227829"}],"curies":[{"name":"wp","href":"https:\/\/api.w.org\/{rel}","templated":true}]}}