{"id":227824,"date":"2009-01-23T12:34:47","date_gmt":"2009-01-23T12:34:47","guid":{"rendered":"https:\/\/archivio.cercoiltuovolto.it\/?p=227824"},"modified":"2009-01-23T12:34:47","modified_gmt":"2009-01-23T12:34:47","slug":"vaticano-benedetto-xvi-su-youtube","status":"publish","type":"post","link":"https:\/\/archivio.cercoiltuovolto.it\/?p=227824","title":{"rendered":"Vaticano &#8211; Benedetto XVI su &#8220;YouTube&#8221;"},"content":{"rendered":"<p style=\"text-align: justify;\"><img loading=\"lazy\" decoding=\"async\" class=\"alignleft size-medium wp-image-3046\" title=\"youtube-il-canale-di-vaticanit\" src=\"http:\/\/www.cercoiltuovolto.it\/\/wp-content\/uploads\/2009\/01\/youtube-il-canale-di-vaticanit_1232710160922-300x210.jpg\" alt=\"youtube-il-canale-di-vaticanit\" width=\"300\" height=\"210\" \/>Quello di oggi \u00e8 un giorno che scrive una nuova pagina di storia per la Santa Sede: dalle 12, <strong><a href=\"http:\/\/it.youtube.com\/vaticanit\" target=\"_blank\">sul sito di You Tube<\/a><\/strong>, \u00e8 possibile vedere l&#8217;immagine del Papa e ascoltarne la parola. E nello stesso giorno, \u00e8 stato presentato in Sala Stampa vaticana il Messaggio di Benedetto XVI per la Giornata mondiale delle comunicazioni sociali, in programma il 24 maggio prossimo. Un documento col quale il Pontefice si rivolge in particolare ai giovani, alla &#8220;generazione digitale&#8221;, perch\u00e9 soprattutto da essa venga l&#8217;impulso a evangelizzare il mondo della rete, per renderla un luogo capace promuovere i grandi valori dell&#8217;esistenza e non di banalizzazione dei rapporti umani. [Leggi tutto il servizio di Radio Vaticana]<\/p>\n<p style=\"text-align: justify;\">[youtube]http:\/\/it.youtube.com\/watch?v=OEnO2FgbcnQ[\/youtube]<\/p>\n<p><br class=\"spacer_\" \/><\/p>\n","protected":false},"excerpt":{"rendered":"<p>Quello di oggi \u00e8 un giorno che scrive una nuova pagina di storia per la Santa Sede: dalle 12, sul sito di You Tube, \u00e8 possibile vedere l&#8217;immagine del Papa e ascoltarne la parola. E nello stesso giorno, \u00e8 stato presentato in Sala Stampa vaticana il Messaggio di Benedetto XVI per la Giornata mondiale delle&#8230;<\/p>\n","protected":false},"author":3,"featured_media":0,"comment_status":"closed","ping_status":"closed","sticky":false,"template":"","format":"standard","meta":{"_kad_post_transparent":"","_kad_post_title":"","_kad_post_layout":"","_kad_post_sidebar_id":"","_kad_post_content_style":"","_kad_post_vertical_padding":"","_kad_post_feature":"","_kad_post_feature_position":"","_kad_post_header":false,"_kad_post_footer":false,"_kad_post_classname":"","footnotes":""},"categories":[99,127],"tags":[9,113,83],"class_list":["post-227824","post","type-post","status-publish","format-standard","hentry","category-99","category-benedetto-xvi","tag-vaticano","tag-video","tag-youtube"],"_links":{"self":[{"href":"https:\/\/archivio.cercoiltuovolto.it\/index.php?rest_route=\/wp\/v2\/posts\/227824","targetHints":{"allow":["GET"]}}],"collection":[{"href":"https:\/\/archivio.cercoiltuovolto.it\/index.php?rest_route=\/wp\/v2\/posts"}],"about":[{"href":"https:\/\/archivio.cercoiltuovolto.it\/index.php?rest_route=\/wp\/v2\/types\/post"}],"author":[{"embeddable":true,"href":"https:\/\/archivio.cercoiltuovolto.it\/index.php?rest_route=\/wp\/v2\/users\/3"}],"replies":[{"embeddable":true,"href":"https:\/\/archivio.cercoiltuovolto.it\/index.php?rest_route=%2Fwp%2Fv2%2Fcomments&post=227824"}],"version-history":[{"count":0,"href":"https:\/\/archivio.cercoiltuovolto.it\/index.php?rest_route=\/wp\/v2\/posts\/227824\/revisions"}],"wp:attachment":[{"href":"https:\/\/archivio.cercoiltuovolto.it\/index.php?rest_route=%2Fwp%2Fv2%2Fmedia&parent=227824"}],"wp:term":[{"taxonomy":"category","embeddable":true,"href":"https:\/\/archivio.cercoiltuovolto.it\/index.php?rest_route=%2Fwp%2Fv2%2Fcategories&post=227824"},{"taxonomy":"post_tag","embeddable":true,"href":"https:\/\/archivio.cercoiltuovolto.it\/index.php?rest_route=%2Fwp%2Fv2%2Ftags&post=227824"}],"curies":[{"name":"wp","href":"https:\/\/api.w.org\/{rel}","templated":true}]}}