{"id":227820,"date":"2009-01-23T08:17:32","date_gmt":"2009-01-23T08:17:32","guid":{"rendered":"https:\/\/archivio.cercoiltuovolto.it\/?p=227820"},"modified":"2009-01-23T08:17:32","modified_gmt":"2009-01-23T08:17:32","slug":"video-vangelo-terza-domenica-t-ord-25012009","status":"publish","type":"post","link":"https:\/\/archivio.cercoiltuovolto.it\/?p=227820","title":{"rendered":"Video Vangelo terza domenica T. ord. &#8211; 25\/01\/2009"},"content":{"rendered":"<p style=\"text-align: center;\"><img loading=\"lazy\" decoding=\"async\" style=\"border: 0px solid #000000; margin: 5px; width: 304px; height: 140px;\" title=\"Audiovisivi\" src=\"http:\/\/www.cercoiltuovolto.it\/\/images\/stories\/logo\/logo_testata_audiovisivi.jpg\" alt=\"Audiovisivi\" width=\"304\" height=\"140\" \/><\/p>\n<p style=\"text-align: left;\"><strong>Guarda il video della lettura del vangelo<\/strong> della settimana e le riflessioni affidate a diversi commentatori. <strong>Video Vangelo<\/strong> del 25 gennaio 2009 &#8211; <strong>III DOMENICA   DEL TEMPO ORDINARIO      (ANNO B)<\/strong><\/p>\n<p style=\"text-align: left;\"><strong><\/strong><strong>Commento <\/strong>di don Mario Neva | <strong>Lettrice<\/strong> Elena Gianni | <strong>Fonte<\/strong>: Voce Audiovisivi<\/p>\n<p style=\"text-align: left;\">[flv]http:\/\/www.centroaudiovisivi.it\/video\/lbn090125\/vangelo25g.flv[\/flv]<\/p>\n<p><strong>III DOMENICA   DEL TEMPO ORDINARIO (ANNO B)<\/strong><\/p>\n<p><strong> Vangelo <\/strong>Mc 1,14-20<br \/>\n <em>Convertitevi e credete al   Vangelo.<\/em><\/p>\n<p style=\"text-align: justify;\"><strong>+Dal Vangelo secondo Marco <br \/>\n <\/strong><br \/>\n Dopo che Giovanni fu arrestato, Ges\u00f9 and\u00f2 nella Galilea, proclamando il vangelo di Dio, e diceva: \u00abIl tempo \u00e8 compiuto e il regno di Dio \u00e8 vicino; convertitevi e credete nel Vangelo\u00bb.<br \/>\n Passando lungo il mare di Galilea, vide Simone e Andrea, fratello di Simone, mentre gettavano le reti in mare; erano infatti pescatori. Ges\u00f9 disse loro: \u00abVenite dietro a me, vi far\u00f2 diventare pescatori di uomini\u00bb. E subito lasciarono le reti e lo seguirono.<\/p>\n<p style=\"text-align: justify;\">Andando un poco oltre, vide Giacomo, figlio di Zebed\u00e8o, e Giovanni suo fratello, mentre anch&#8217;essi nella barca riparavano le reti. E subito li chiam\u00f2. Ed essi lasciarono il loro padre Zebed\u00e8o nella barca con i garzoni e andarono dietro a lui.\n <\/p>\n<p><strong>Fonte del video<\/strong>: Centro Audiovisivi &#8211; La Buona Notizia<br \/>\n <strong>Tutta la celebrazione<\/strong> nella Liturgia del giorno  CEI<\/p>\n","protected":false},"excerpt":{"rendered":"<p>Guarda il video della lettura del vangelo della settimana e le riflessioni affidate a diversi commentatori. Video Vangelo del 25 gennaio 2009 &#8211; III DOMENICA DEL TEMPO ORDINARIO (ANNO B) Commento di don Mario Neva | Lettrice Elena Gianni | Fonte: Voce Audiovisivi [flv]http:\/\/www.centroaudiovisivi.it\/video\/lbn090125\/vangelo25g.flv[\/flv] III DOMENICA DEL TEMPO ORDINARIO (ANNO B) Vangelo Mc 1,14-20 Convertitevi&#8230;<\/p>\n","protected":false},"author":3,"featured_media":0,"comment_status":"closed","ping_status":"closed","sticky":false,"template":"","format":"standard","meta":{"_kad_post_transparent":"","_kad_post_title":"","_kad_post_layout":"","_kad_post_sidebar_id":"","_kad_post_content_style":"","_kad_post_vertical_padding":"","_kad_post_feature":"","_kad_post_feature_position":"","_kad_post_header":false,"_kad_post_footer":false,"_kad_post_classname":"","footnotes":""},"categories":[99,147],"tags":[113,81],"class_list":["post-227820","post","type-post","status-publish","format-standard","hentry","category-99","category-commento-al-vangelo","tag-video","tag-video-vangelo"],"_links":{"self":[{"href":"https:\/\/archivio.cercoiltuovolto.it\/index.php?rest_route=\/wp\/v2\/posts\/227820","targetHints":{"allow":["GET"]}}],"collection":[{"href":"https:\/\/archivio.cercoiltuovolto.it\/index.php?rest_route=\/wp\/v2\/posts"}],"about":[{"href":"https:\/\/archivio.cercoiltuovolto.it\/index.php?rest_route=\/wp\/v2\/types\/post"}],"author":[{"embeddable":true,"href":"https:\/\/archivio.cercoiltuovolto.it\/index.php?rest_route=\/wp\/v2\/users\/3"}],"replies":[{"embeddable":true,"href":"https:\/\/archivio.cercoiltuovolto.it\/index.php?rest_route=%2Fwp%2Fv2%2Fcomments&post=227820"}],"version-history":[{"count":0,"href":"https:\/\/archivio.cercoiltuovolto.it\/index.php?rest_route=\/wp\/v2\/posts\/227820\/revisions"}],"wp:attachment":[{"href":"https:\/\/archivio.cercoiltuovolto.it\/index.php?rest_route=%2Fwp%2Fv2%2Fmedia&parent=227820"}],"wp:term":[{"taxonomy":"category","embeddable":true,"href":"https:\/\/archivio.cercoiltuovolto.it\/index.php?rest_route=%2Fwp%2Fv2%2Fcategories&post=227820"},{"taxonomy":"post_tag","embeddable":true,"href":"https:\/\/archivio.cercoiltuovolto.it\/index.php?rest_route=%2Fwp%2Fv2%2Ftags&post=227820"}],"curies":[{"name":"wp","href":"https:\/\/api.w.org\/{rel}","templated":true}]}}