{"id":227773,"date":"2009-01-12T09:16:12","date_gmt":"2009-01-12T09:16:12","guid":{"rendered":"https:\/\/archivio.cercoiltuovolto.it\/?p=227773"},"modified":"2009-01-12T09:16:12","modified_gmt":"2009-01-12T09:16:12","slug":"angelus-del-11-gennaio-2009-festa-del-battesimo-del-signore","status":"publish","type":"post","link":"https:\/\/archivio.cercoiltuovolto.it\/?p=227773","title":{"rendered":"Angelus del 11 gennaio 2009 &#8211; Festa del Battesimo del Signore"},"content":{"rendered":"<p>Preghiera dell&#8217;Angelus con il Santo Padre Benedetto XVI.<br \/>\n <strong>Quando: <\/strong>11 gennaio 2009 | <strong>Dove<\/strong>: Piazza San Pietro (Roma) |<strong> Durata<\/strong>: 00:12:14:30<\/p>\n<p style=\"text-align: justify;\"><em><img loading=\"lazy\" decoding=\"async\" class=\"alignleft size-medium wp-image-2812\" title=\"papa ratzinger\" src=\"http:\/\/www.cercoiltuovolto.it\/\/wp-content\/uploads\/2009\/01\/paparatzinger-300x270.jpg\" alt=\"papa ratzinger\" width=\"300\" height=\"270\" \/>Cari fratelli e sorelle!<\/em><\/p>\n<p style=\"text-align: justify;\">Nell\u2019odierna Domenica che segue la solennit\u00e0 dell\u2019Epifania, celebriamo il  Battesimo del Signore. Fu questo il primo atto della sua vita pubblica, narrato  in tutti e quattro i Vangeli. Giunto all\u2019et\u00e0 di circa trent\u2019anni, Ges\u00f9 lasci\u00f2  Nazaret, si rec\u00f2 al fiume Giordano e, in mezzo a tanta gente, si fece battezzare  da Giovanni. Scrive l\u2019evangelista Marco: &#8220;Uscendo dall\u2019acqua, vide squarciarsi i  cieli e lo Spirito discendere verso di lui come una colomba. E venne una voce  dal cielo: Tu sei il Figlio mio, l\u2019amato: in te ho posto il mio compiacimento&#8221; (<em>Mc<\/em> 1,10-11). In queste parole: &#8220;Tu sei il Figlio mio, l\u2019amato&#8221;, si rivela che cos\u2019\u00e8  la vita eterna: \u00e8 la relazione filiale con Dio, cos\u00ec come Ges\u00f9 l\u2019ha vissuta e ce  l\u2019ha rivelata e donata.<\/p>\n<div class=\"teaser\">\n<h3>Info Box<\/h3>\n<p><img decoding=\"async\" style=\"vertical-align: middle;\" title=\"Ascolta il file\" src=\"http:\/\/www.cercoiltuovolto.it\/\/images\/sound.png\" alt=\"Ascolta\" \/> Ascolta: [audio:http:\/\/media01.vatiradio.va\/podcast\/00145325.MP3]<br \/>\n <img loading=\"lazy\" decoding=\"async\" style=\"vertical-align: middle;\" title=\"Note\" src=\"http:\/\/www.cercoiltuovolto.it\/\/images\/notes.png\" alt=\"Note\" width=\"24\" height=\"24\" \/> Note: <strong>Radio Vaticana<\/strong> via FeedRss <em>(The content of this podcast is copyrighted by Vatican Radio which, according to its statute, is entrusted to manage and protect the sound recordings of the Roman Pontiff, ensuring that their pastoral character and intellectual property&#8217;s rights are protected when used by third parties. The content of this podcast is made available only for personal and private use and cannot be exploited for commercial purposes, without prior written authorization by Vatican Radio. For further information, please contact the International Relation Office at relint@vatiradio.va)<\/em><\/p>\n<div><span class=\"morebis\"><img decoding=\"async\" style=\"vertical-align: middle;\" title=\"Link\" src=\"http:\/\/www.cercoiltuovolto.it\/\/images\/web.png\" alt=\"Link\" \/> <a href=\"#\" target=\"_blank\">Fonte della notizia<\/a> <a href=\"#\"><img decoding=\"async\" style=\"vertical-align: middle;\" src=\"http:\/\/www.cercoiltuovolto.it\/\/images\/download.png\" alt=\"Download del file\" \/><\/a> <span style=\"font-size: small;\">Download Multimedia<\/span><\/span><\/div>\n<\/div>\n<p style=\"text-align: justify;\"><a href=\"http:\/\/www.vatican.va\/holy_father\/benedict_xvi\/homilies\/2009\/documents\/hf_ben-xvi_hom_20090111_battesimo_it.html\">Stamani, secondo la tradizione, nella Cappella Sistina, ho amministrato il  Sacramento del Battesimo<\/a> a tredici neonati. Ai genitori, ai padrini e alle  madrine, il celebrante di solito domanda: &#8220;Che cosa chiedete alla Chiesa di Dio  per i vostri bambini?&#8221;; alla loro risposta: &#8220;Il Battesimo&#8221;, egli replica: &#8220;E il  Battesimo che cosa ci dona?&#8221;. &#8220;La vita eterna&#8221;, essi rispondono. Ecco la  stupenda realt\u00e0: la persona umana, mediante il Battesimo, viene innestata nella  relazione unica e singolare di Ges\u00f9 con il Padre, cos\u00ec che le parole risuonate  dal cielo sul Figlio Unigenito diventano vere per ogni uomo e ogni donna che  rinasce dall\u2019acqua e dallo Spirito Santo: Tu sei il figlio mio, l\u2019amato.<\/p>\n<p style=\"text-align: justify;\">Cari amici, quant\u2019\u00e8 grande il dono del Battesimo! Se ce ne rendessimo  pienamente conto, la nostra vita diventerebbe un &#8220;grazie&#8221; continuo. Quale gioia  per i genitori cristiani, che hanno visto sbocciare dal loro amore una nuova  creatura, portarla al fonte battesimale e vederla rinascere dal grembo della  Chiesa, per una vita che non avr\u00e0 mai fine! Dono, gioia, ma anche  responsabilit\u00e0! I genitori, infatti, insieme con i padrini, devono educare i  figli secondo il Vangelo. Questo mi fa pensare al tema del <em>VI Incontro  Mondiale delle Famiglie<\/em>, che si svolger\u00e0 nei prossimi giorni a Citt\u00e0 del  Messico: &#8220;La famiglia formatrice nei valori umani e cristiani&#8221;. Questo grande <em> meeting familiare<\/em>, organizzato dal  <a href=\"http:\/\/www.vatican.va\/roman_curia\/pontifical_councils\/family\/index_it.htm\">Pontificio Consiglio per la Famiglia<\/a>, si  svilupper\u00e0 in tre momenti: dapprima il Congresso Teologico-Pastorale, nel quale  verr\u00e0 approfondita la tematica, anche mediante lo scambio di esperienze  significative; quindi, il momento di festa e di testimonianza, che far\u00e0 emergere  la bellezza di incontrarsi tra famiglie di ogni parte del mondo, unite dalla  stessa fede e dallo stesso impegno; e infine la solenne Celebrazione  eucaristica, come azione di grazie al Signore per i doni del matrimonio, della  famiglia e della vita. Ho incaricato il Cardinale Segretario di Stato Tarcisio  Bertone di rappresentarmi, ma io stesso seguir\u00f2 con viva partecipazione lo  straordinario evento, accompagnandolo con la preghiera e intervenendo in  videoconferenza. Fin da ora, cari fratelli e sorelle, vi invito ad implorare su  quest\u2019importante incontro mondiale delle famiglie l\u2019abbondanza delle grazie  divine. Lo facciamo invocando la materna intercessione della Vergine Maria,  Regina della famiglia.<\/p>\n<p style=\"text-align: justify;\"><strong>Dopo l&#8217;Angelus:<\/strong><\/p>\n<p style=\"text-align: justify;\"><em>[Rivolgo un cordiale saluto ai polacchi. Il battesimo di Ges\u00f9 nel Giordano  ci introduce nel mistero della giustizia e della misericordia di Dio. Il  prediletto Figlio di Dio si identifica con i peccatori, perch\u00e9 grazie alla sua  opera di redenzione, nella potenza dello Spirito Santo, siano giustificati.  Anche noi lo siamo attraverso la grazia del sacramento del Battesimo. Oggi  ringraziamo per essa. Dio vi benedica!]<\/em><\/p>\n<p style=\"text-align: justify;\">Saluto con affetto i pellegrini di lingua italiana, in particolare la  rappresentanza dei farmacisti titolari di parafarmacia. A tutti auguro che la  luce interiore, ricevuta nel tempo del Natale e dell\u2019Epifania, rischiari il  cammino quotidiano e infonda conforto nelle difficolt\u00e0. Buona domenica!<\/p>\n<p style=\"text-align: justify;\">\u00a9 Copyright 2008 &#8211; Libreria  Editrice Vaticana<\/p>\n<p style=\"text-align: left;\">Fonte del podcast: <strong>Radio Vaticana<\/strong> via FeedRss<\/p>\n<p style=\"text-align: justify;\"><em>(The content of this podcast is copyrighted by Vatican Radio which, according to  its statute, is entrusted to manage and protect the sound recordings of the  Roman Pontiff, ensuring that their pastoral character and intellectual  property&#8217;s rights are protected when used by third parties. The content of this  podcast is made available only for personal and private use and cannot be  exploited for commercial purposes, without prior written authorization by  Vatican Radio. For further information, please contact the International  Relation Office at relint@vatiradio.va)<\/em><\/p>\n","protected":false},"excerpt":{"rendered":"<p>Preghiera dell&#8217;Angelus con il Santo Padre Benedetto XVI. Quando: 11 gennaio 2009 | Dove: Piazza San Pietro (Roma) | Durata: 00:12:14:30 Cari fratelli e sorelle! Nell\u2019odierna Domenica che segue la solennit\u00e0 dell\u2019Epifania, celebriamo il Battesimo del Signore. Fu questo il primo atto della sua vita pubblica, narrato in tutti e quattro i Vangeli. Giunto all\u2019et\u00e0&#8230;<\/p>\n","protected":false},"author":3,"featured_media":0,"comment_status":"closed","ping_status":"closed","sticky":false,"template":"","format":"standard","meta":{"_kad_post_transparent":"","_kad_post_title":"","_kad_post_layout":"","_kad_post_sidebar_id":"","_kad_post_content_style":"","_kad_post_vertical_padding":"","_kad_post_feature":"","_kad_post_feature_position":"","_kad_post_header":false,"_kad_post_footer":false,"_kad_post_classname":"","footnotes":""},"categories":[99,114],"tags":[115,73,5],"class_list":["post-227773","post","type-post","status-publish","format-standard","hentry","category-99","category-angelus","tag-audio","tag-benedetto-xvi","tag-commento-al-vangelo"],"_links":{"self":[{"href":"https:\/\/archivio.cercoiltuovolto.it\/index.php?rest_route=\/wp\/v2\/posts\/227773","targetHints":{"allow":["GET"]}}],"collection":[{"href":"https:\/\/archivio.cercoiltuovolto.it\/index.php?rest_route=\/wp\/v2\/posts"}],"about":[{"href":"https:\/\/archivio.cercoiltuovolto.it\/index.php?rest_route=\/wp\/v2\/types\/post"}],"author":[{"embeddable":true,"href":"https:\/\/archivio.cercoiltuovolto.it\/index.php?rest_route=\/wp\/v2\/users\/3"}],"replies":[{"embeddable":true,"href":"https:\/\/archivio.cercoiltuovolto.it\/index.php?rest_route=%2Fwp%2Fv2%2Fcomments&post=227773"}],"version-history":[{"count":0,"href":"https:\/\/archivio.cercoiltuovolto.it\/index.php?rest_route=\/wp\/v2\/posts\/227773\/revisions"}],"wp:attachment":[{"href":"https:\/\/archivio.cercoiltuovolto.it\/index.php?rest_route=%2Fwp%2Fv2%2Fmedia&parent=227773"}],"wp:term":[{"taxonomy":"category","embeddable":true,"href":"https:\/\/archivio.cercoiltuovolto.it\/index.php?rest_route=%2Fwp%2Fv2%2Fcategories&post=227773"},{"taxonomy":"post_tag","embeddable":true,"href":"https:\/\/archivio.cercoiltuovolto.it\/index.php?rest_route=%2Fwp%2Fv2%2Ftags&post=227773"}],"curies":[{"name":"wp","href":"https:\/\/api.w.org\/{rel}","templated":true}]}}