{"id":227754,"date":"2009-01-07T12:44:49","date_gmt":"2009-01-07T12:44:49","guid":{"rendered":"https:\/\/archivio.cercoiltuovolto.it\/?p=227754"},"modified":"2009-01-07T12:44:49","modified_gmt":"2009-01-07T12:44:49","slug":"porziuncola-webtv","status":"publish","type":"post","link":"https:\/\/archivio.cercoiltuovolto.it\/?p=227754","title":{"rendered":"Porziuncola WebTV"},"content":{"rendered":"<p style=\"text-align: justify;\"><img loading=\"lazy\" decoding=\"async\" class=\"aligncenter size-full wp-image-2713\" title=\"Porziuncola\" src=\"http:\/\/www.cercoiltuovolto.it\/\/wp-content\/uploads\/2009\/01\/logoporziuncola-1.png\" alt=\"Porziuncola\" width=\"300\" height=\"70\" \/>Dal 15 ottobre 2008 \u00e8 attivo il servizio di <a href=\"http:\/\/www.porziuncola.org\/webtv.html\" target=\"_blank\">WebTV<\/a> sul sito ufficiale della Basilica di S. Maria degli Angeli in Assisi.<\/p>\n<p style=\"text-align: justify;\">Attraverso di essa \u00e8 possibile assistere in diretta alle Celebrazioni festive e agli eventi pi\u00f9 importanti che si svolgono nel luogo dove l&#8217;esperienza umana e cristiana di San Francesco d&#8217;Assisi ha trovato la sua ispirazione e dal quale si \u00e8 sviluppata la famiglia dei Frati Minori che tuttora anima il Santuario e accoglie i milioni di pellegrini. Il palinsesto, aggiornato periodicamente, permette di conoscere per tempo gli avvenimenti trasmessi in diretta.<\/p>\n<p style=\"text-align: justify;\">\n<script src=\"http:\/\/static.mogulus.com\/scripts\/playerv2.js?channel=porziuncola&amp;layout=playerEmbedDefault&amp;backgroundColor=0xffffff&amp;backgroundAlpha=1&amp;backgroundGradientStrength=0&amp;chromeColor=0x000000&amp;headerBarGlossEnabled=true&amp;controlBarGlossEnabled=true&amp;chatInputGlossEnabled=false&amp;uiWhite=true&amp;uiAlpha=0.5&amp;uiSelectedAlpha=1&amp;dropShadowEnabled=true&amp;dropShadowHorizontalDistance=10&amp;dropShadowVerticalDistance=10&amp;paddingLeft=10&amp;paddingRight=10&amp;paddingTop=10&amp;paddingBottom=10&amp;cornerRadius=3&amp;backToDirectoryURL=null&amp;bannerURL=null&amp;bannerText=null&amp;bannerWidth=320&amp;bannerHeight=50&amp;showViewers=true&amp;embedEnabled=true&amp;chatEnabled=false&amp;onDemandEnabled=true&amp;programGuideEnabled=false&amp;fullScreenEnabled=true&amp;reportAbuseEnabled=false&amp;gridEnabled=false&amp;initialIsOn=true&amp;initialIsMute=false&amp;initialVolume=10&amp;contentId=null&amp;initThumbUrl=null&amp;playeraspectwidth=4&amp;playeraspectheight=3&amp;mogulusLogoEnabled=true&amp;width=400&amp;height=400&amp;wmode=window\" type=\"text\/javascript\"><\/script>\n<\/p>\n<p style=\"text-align: justify;\">Fonte: <a href=\"http:\/\/www.giovani.org\/2008\/index.php?option=com_content&amp;task=view&amp;id=732&amp;Itemid=57\" target=\"_blank\">Giovani.org<\/a> \/ <a href=\"http:\/\/spiritualseeds.wordpress.com\/2009\/01\/07\/jesus-la-web-tv-della-porziuncola-e-catholich-google-un-inizio-danno-allinsegna-delle-novita\/\" target=\"_blank\">Spiritual Seeds<\/a><\/p>\n","protected":false},"excerpt":{"rendered":"<p>Dal 15 ottobre 2008 \u00e8 attivo il servizio di WebTV sul sito ufficiale della Basilica di S. Maria degli Angeli in Assisi. Attraverso di essa \u00e8 possibile assistere in diretta alle Celebrazioni festive e agli eventi pi\u00f9 importanti che si svolgono nel luogo dove l&#8217;esperienza umana e cristiana di San Francesco d&#8217;Assisi ha trovato la&#8230;<\/p>\n","protected":false},"author":3,"featured_media":0,"comment_status":"closed","ping_status":"closed","sticky":false,"template":"","format":"standard","meta":{"_kad_post_transparent":"","_kad_post_title":"","_kad_post_layout":"","_kad_post_sidebar_id":"","_kad_post_content_style":"","_kad_post_vertical_padding":"","_kad_post_feature":"","_kad_post_feature_position":"","_kad_post_header":false,"_kad_post_footer":false,"_kad_post_classname":"","footnotes":""},"categories":[99,140],"tags":[67,24,151],"class_list":["post-227754","post","type-post","status-publish","format-standard","hentry","category-99","category-francescani","tag-san-francesco","tag-televisione","tag-web-tv"],"_links":{"self":[{"href":"https:\/\/archivio.cercoiltuovolto.it\/index.php?rest_route=\/wp\/v2\/posts\/227754","targetHints":{"allow":["GET"]}}],"collection":[{"href":"https:\/\/archivio.cercoiltuovolto.it\/index.php?rest_route=\/wp\/v2\/posts"}],"about":[{"href":"https:\/\/archivio.cercoiltuovolto.it\/index.php?rest_route=\/wp\/v2\/types\/post"}],"author":[{"embeddable":true,"href":"https:\/\/archivio.cercoiltuovolto.it\/index.php?rest_route=\/wp\/v2\/users\/3"}],"replies":[{"embeddable":true,"href":"https:\/\/archivio.cercoiltuovolto.it\/index.php?rest_route=%2Fwp%2Fv2%2Fcomments&post=227754"}],"version-history":[{"count":0,"href":"https:\/\/archivio.cercoiltuovolto.it\/index.php?rest_route=\/wp\/v2\/posts\/227754\/revisions"}],"wp:attachment":[{"href":"https:\/\/archivio.cercoiltuovolto.it\/index.php?rest_route=%2Fwp%2Fv2%2Fmedia&parent=227754"}],"wp:term":[{"taxonomy":"category","embeddable":true,"href":"https:\/\/archivio.cercoiltuovolto.it\/index.php?rest_route=%2Fwp%2Fv2%2Fcategories&post=227754"},{"taxonomy":"post_tag","embeddable":true,"href":"https:\/\/archivio.cercoiltuovolto.it\/index.php?rest_route=%2Fwp%2Fv2%2Ftags&post=227754"}],"curies":[{"name":"wp","href":"https:\/\/api.w.org\/{rel}","templated":true}]}}