{"id":227734,"date":"2009-01-02T20:56:06","date_gmt":"2009-01-02T20:56:06","guid":{"rendered":"https:\/\/archivio.cercoiltuovolto.it\/?p=227734"},"modified":"2009-01-02T20:56:06","modified_gmt":"2009-01-02T20:56:06","slug":"il-libraio","status":"publish","type":"post","link":"https:\/\/archivio.cercoiltuovolto.it\/?p=227734","title":{"rendered":"Il Libraio"},"content":{"rendered":"<p style=\"text-align: justify;\"><span class=\"tcorpotesto\"><img loading=\"lazy\" decoding=\"async\" class=\"alignleft size-full wp-image-2625\" title=\"il-libraio\" src=\"http:\/\/www.cercoiltuovolto.it\/\/wp-content\/uploads\/2009\/01\/il-libraio.jpeg\" alt=\"il-libraio\" width=\"160\" height=\"236\" \/>Varsavia, 1942. Un giovane ebreo fugge dal ghetto, inseguito dai tedeschi. A salvarlo da morte sicura \u00e8 un anonimo libraio, solitario ed ombroso, che gli offre riparo nella sua casa e bottega. Entrambi gli uomini sono destinati ad alti incarichi nel piano salvifico di Dio: il fanciullo diverr\u00e0 il monaco sapiente e fedele che sfider\u00e0 il Nemico; l&#8217;anziano sar\u00e0 chiamato al sacrificio per proteggere la vita del giovane eletto. Prologo de &#8220;Il Nemico&#8221;, il romanzo racconta come \u00e8 possibile opporre all&#8217;attacco del Male un unico ma inesorabile gesto di amore, tale da riscattare una vita di dolore e ignavia e da far fiorire la speranza nel mondo. <\/span><\/p>\n<p><span class=\"tcorpotesto\">Ascolta l&#8217;intervento<\/span> <span class=\"news_autore\">di frate Francesco Ravaioli su <a href=\"http:\/\/www.radiovoce.it\/podcast_dettagli.php?get_id=1578\" target=\"_blank\">Radio Voce<\/a><\/span><\/p>\n<p><span class=\"news_autore\">[audio:http:\/\/www.radiovoce.it\/podcast\/libri\/052.mp3]<br \/>\n Scarica il file mp3<\/span><\/p>\n<p class=\"acquista-paragrafo\">Acquista <a href=\"http:\/\/www.ibs.it\/code\/9788821562884\/o-brien-michael-d\/libraio.html?shop=3462\" target=\"_blank\">il libro su IBS<\/a><\/p>\n","protected":false},"excerpt":{"rendered":"<p>Varsavia, 1942. Un giovane ebreo fugge dal ghetto, inseguito dai tedeschi. A salvarlo da morte sicura \u00e8 un anonimo libraio, solitario ed ombroso, che gli offre riparo nella sua casa e bottega. Entrambi gli uomini sono destinati ad alti incarichi nel piano salvifico di Dio: il fanciullo diverr\u00e0 il monaco sapiente e fedele che sfider\u00e0&#8230;<\/p>\n","protected":false},"author":3,"featured_media":0,"comment_status":"closed","ping_status":"closed","sticky":false,"template":"","format":"standard","meta":{"_kad_post_transparent":"","_kad_post_title":"","_kad_post_layout":"","_kad_post_sidebar_id":"","_kad_post_content_style":"","_kad_post_vertical_padding":"","_kad_post_feature":"","_kad_post_feature_position":"","_kad_post_header":false,"_kad_post_footer":false,"_kad_post_classname":"","footnotes":""},"categories":[99,136],"tags":[17,31],"class_list":["post-227734","post","type-post","status-publish","format-standard","hentry","category-99","category-dio","tag-libri","tag-radio-nel-web"],"_links":{"self":[{"href":"https:\/\/archivio.cercoiltuovolto.it\/index.php?rest_route=\/wp\/v2\/posts\/227734","targetHints":{"allow":["GET"]}}],"collection":[{"href":"https:\/\/archivio.cercoiltuovolto.it\/index.php?rest_route=\/wp\/v2\/posts"}],"about":[{"href":"https:\/\/archivio.cercoiltuovolto.it\/index.php?rest_route=\/wp\/v2\/types\/post"}],"author":[{"embeddable":true,"href":"https:\/\/archivio.cercoiltuovolto.it\/index.php?rest_route=\/wp\/v2\/users\/3"}],"replies":[{"embeddable":true,"href":"https:\/\/archivio.cercoiltuovolto.it\/index.php?rest_route=%2Fwp%2Fv2%2Fcomments&post=227734"}],"version-history":[{"count":0,"href":"https:\/\/archivio.cercoiltuovolto.it\/index.php?rest_route=\/wp\/v2\/posts\/227734\/revisions"}],"wp:attachment":[{"href":"https:\/\/archivio.cercoiltuovolto.it\/index.php?rest_route=%2Fwp%2Fv2%2Fmedia&parent=227734"}],"wp:term":[{"taxonomy":"category","embeddable":true,"href":"https:\/\/archivio.cercoiltuovolto.it\/index.php?rest_route=%2Fwp%2Fv2%2Fcategories&post=227734"},{"taxonomy":"post_tag","embeddable":true,"href":"https:\/\/archivio.cercoiltuovolto.it\/index.php?rest_route=%2Fwp%2Fv2%2Ftags&post=227734"}],"curies":[{"name":"wp","href":"https:\/\/api.w.org\/{rel}","templated":true}]}}