{"id":227596,"date":"2008-12-30T21:36:10","date_gmt":"2008-12-30T21:36:10","guid":{"rendered":"https:\/\/archivio.cercoiltuovolto.it\/?p=227596"},"modified":"2026-07-02T16:24:35","modified_gmt":"2026-07-02T16:24:35","slug":"messaggio-urbi-et-orbi-di-papa-benedetto-xvi","status":"publish","type":"post","link":"https:\/\/archivio.cercoiltuovolto.it\/?p=227596","title":{"rendered":"Messaggio Urbi et Orbi di Papa Benedetto XVI"},"content":{"rendered":"\n<p class=\"wp-block-paragraph\"><a href=\"http:\/\/www.vatican.va\/holy_father\/benedict_xvi\/messages\/urbi\/documents\/hf_ben-xvi_mes_20081225_urbi_it.html\" target=\"_blank\">MESSAGGIO URBI ET ORBI DI SUA SANTIT\u00c0 BENEDETTO XVI<\/a><br>\n <strong>Quando: <\/strong>25 dicembre 2008 | <strong>Dove<\/strong>: Piazza San Pietro (Roma) |<strong> Durata<\/strong>:&nbsp;      00:27:16:18<\/p>\n\n\n\n<p class=\"wp-block-paragraph\">&#8220;<em>Apparuit gratia Dei Salvatoris nostri omnibus hominibus<\/em>&#8221; (<em>Tit<\/em> 2,11).<\/p>\n\n\n\n<p class=\"wp-block-paragraph\">Cari fratelli e sorelle, con le parole dell\u2019apostolo Paolo rinnovo il gioioso  annuncio del Natale di Cristo: s\u00ec, oggi, &#8220;\u00e8 apparsa a tutti gli uomini la grazia  di Dio nostro Salvatore&#8221;!<\/p>\n\n\n\n<p class=\"wp-block-paragraph\"><em>E\u2019 apparsa<\/em>! Questo \u00e8 ci\u00f2 che la Chiesa oggi celebra. La grazia di Dio,  ricca di bont\u00e0 e di tenerezza, non \u00e8 pi\u00f9 nascosta, ma &#8220;\u00e8 apparsa&#8221;, si \u00e8  manifestata nella carne, ha mostrato il suo volto. Dove? A Betlemme. Quando?  Sotto Cesare Augusto, durante il primo censimento, al quale fa cenno anche  l\u2019evangelista Luca. E chi \u00e8 il rivelatore? Un neonato, il Figlio della Vergine  Maria. In Lui \u00e8 apparsa la grazia di Dio Salvatore nostro. Per questo quel  Bambino si chiama <em>Jehoshua<\/em>, Ges\u00f9, che significa &#8220;Dio salva&#8221;.<\/p>\n\n\n\n<p class=\"wp-block-paragraph\">La grazia di Dio \u00e8 apparsa: ecco perch\u00e9 il Natale \u00e8 festa di luce. Non una  luce totale, come quella che avvolge ogni cosa in pieno giorno, ma un chiarore  che si accende nella notte e si diffonde a partire da un punto preciso  dell\u2019universo: dalla grotta di Betlemme, dove il divino Bambino \u00e8 &#8220;venuto alla  luce&#8221;. In realt\u00e0, \u00e8 Lui la luce stessa che si propaga, come ben raffigurano  tanti dipinti della Nativit\u00e0. Lui \u00e8 la luce, che apparendo rompe la caligine,  dissipa le tenebre e ci permette di capire il senso ed il valore della nostra  esistenza e della storia. Ogni presepe \u00e8 un invito semplice ed eloquente ad  aprire il cuore e la mente al mistero della vita. E\u2019 un incontro con la Vita  immortale, che si \u00e8 fatta mortale nella mistica scena del Natale; una scena che  possiamo ammirare anche qui, in questa Piazza, come in innumerevoli chiese e  cappelle del mondo intero, e in ogni casa dove \u00e8 adorato il nome di Ges\u00f9.<\/p>\n\n\n\n<p class=\"wp-block-paragraph\">La grazia di Dio \u00e8 apparsa <em>a tutti gli uomini<\/em>. S\u00ec, Ges\u00f9, il volto del  Dio-che-salva, non si \u00e8 manifestato solo per pochi, per alcuni, ma per tutti. E\u2019  vero, nella umile disadorna dimora di Betlemme lo hanno incontrato poche  persone, ma Lui \u00e8 venuto per tutti: giudei e pagani, ricchi e poveri, vicini e  lontani, credenti e non credenti\u2026 tutti. La grazia soprannaturale, per volere di  Dio, \u00e8 destinata ad ogni creatura. Occorre per\u00f2 che l\u2019essere umano l\u2019accolga,  pronunci il suo &#8220;s\u00ec&#8221;, come Maria, affinch\u00e9 il cuore sia rischiarato da un raggio  di quella luce divina. Ad accogliere il Verbo incarnato, in quella notte, furono  Maria e Giuseppe che lo attendevano con amore ed i pastori, che vegliavano  accanto alle greggi (cfr <em>Lc<\/em> 2,1-20). Una piccola comunit\u00e0, dunque, che  accorse ad adorare Ges\u00f9 Bambino; una piccola comunit\u00e0 che rappresenta la Chiesa  e tutti gli uomini di buona volont\u00e0. Anche oggi coloro che nella vita Lo  attendono e Lo cercano incontrano il Dio che per amore si \u00e8 fatto nostro  fratello; quanti hanno il cuore proteso verso di Lui desiderano conoscere il suo  volto e contribuire all\u2019avvento del suo Regno. Ges\u00f9 stesso lo dir\u00e0, nella sua  predicazione: sono i poveri in spirito, gli afflitti, i miti, gli affamati di  giustizia, i misericordiosi, i puri di cuore, gli operatori di pace, i  perseguitati per la giustizia (cfr <em>Mt<\/em> 5,3-10). Questi riconoscono in Ges\u00f9  il volto di Dio e ripartono, come i pastori di Betlemme, rinnovati nel cuore  dalla gioia del suo amore.<\/p>\n\n\n\n<p class=\"wp-block-paragraph\">Fratelli e sorelle che mi ascoltate, a<em> tutti gli uomini<\/em> \u00e8 destinato  l\u2019annuncio di speranza che costituisce il cuore del messaggio di Natale. Per  tutti \u00e8 nato Ges\u00f9 e, come a Betlemme Maria lo offr\u00ec ai pastori, in questo giorno  la Chiesa lo presenta all\u2019intera umanit\u00e0, perch\u00e9 ogni persona e ogni umana  situazione possa sperimentare la potenza della grazia salvatrice di Dio, che  sola pu\u00f2 trasformare il male in bene, che sola pu\u00f2 cambiare il cuore dell\u2019uomo e  renderlo un\u2019&#8221;oasi&#8221; di pace.<\/p>\n\n\n\n<p class=\"wp-block-paragraph\">Possano sperimentare la potenza della grazia salvatrice di Dio le numerose  popolazioni che ancora vivono nelle tenebre e nell\u2019ombra di morte (cfr <em>Lc<\/em> 1,79). La Luce divina di Betlemme si diffonda in Terrasanta, dove l\u2019orizzonte  sembra tornare a farsi cupo per gli israeliani e i palestinesi; si diffonda in  Libano, in Iraq e ovunque nel Medio Oriente. Fecondi gli sforzi di quanti non si  rassegnano alla logica perversa dello scontro e della violenza e privilegiano  invece la via del dialogo e del negoziato, per comporre le tensioni interne ai  singoli Paesi e trovare soluzioni giuste e durature ai conflitti che travagliano  la regione. A questa Luce che trasforma e rinnova anelano gli abitanti dello  Zimbabwe, in Africa, stretti da troppo tempo nella morsa di una crisi politica e  sociale che, purtroppo, continua ad aggravarsi, come pure gli uomini e le donne  della Repubblica Democratica del Congo, specialmente nella martoriata regione  del Kivu, del Darfur, in Sudan, e della Somalia, le cui interminabili sofferenze  sono tragica conseguenza dell\u2019assenza di stabilit\u00e0 e di pace. Questa Luce  attendono soprattutto i bambini di quei Paesi e di tutti i Paesi in difficolt\u00e0,  affinch\u00e9 sia restituita speranza al loro avvenire.<\/p>\n\n\n\n<p class=\"wp-block-paragraph\">Dove la dignit\u00e0 e i diritti della persona umana sono conculcati; dove gli  egoismi personali o di gruppo prevalgono sul bene comune; dove si rischia di  assuefarsi all\u2019odio fratricida e allo sfruttamento dell\u2019uomo sull\u2019uomo; dove  lotte intestine dividono gruppi ed etnie e lacerano la convivenza; dove il  terrorismo continua a colpire; dove manca il necessario per sopravvivere; dove  si guarda con apprensione ad un futuro che sta diventando sempre pi\u00f9 incerto,  anche nelle Nazioni del benessere: l\u00e0 risplenda la Luce del Natale ed incoraggi  tutti a fare la propria parte, in spirito di autentica solidariet\u00e0. Se ciascuno  pensa solo ai propri interessi, il mondo non pu\u00f2 che andare in rovina.<\/p>\n\n\n\n<p class=\"wp-block-paragraph\">Cari fratelli e sorelle, oggi &#8220;\u00e8 apparsa la grazia di Dio Salvatore&#8221; (cfr <em> Tt<\/em> 2,11), in questo nostro mondo, con le sue potenzialit\u00e0 e le sue  debolezze, i suoi progressi e le sue crisi, con le sue speranze e le sue  angosce. Oggi, rifulge la luce di Ges\u00f9 Cristo, Figlio dell\u2019Altissimo e figlio  della Vergine Maria: &#8220;Dio da Dio, Luce da Luce, Dio vero da Dio vero. Per noi  uomini e per la nostra salvezza discese dal cielo&#8221;. Lo adoriamo quest\u2019oggi, in  ogni angolo della terra, avvolto in fasce e deposto in una povera mangiatoia. Lo  adoriamo in silenzio mentre Lui, ancora infante, sembra dirci a nostra  consolazione: Non abbiate paura, &#8220;Io sono Dio, non ce n\u2019\u00e8 altri&#8221; (<em>Is<\/em> 45,22). Venite a me, uomini e donne, popoli e nazioni, venite a me, non temete:  sono venuto a portarvi l\u2019amore del Padre, a mostrarvi la via della pace.<\/p>\n\n\n\n<p class=\"wp-block-paragraph\">Andiamo, dunque, fratelli! Affrettiamoci, come i pastori nella notte di  Betlemme. Dio ci \u00e8 venuto incontro e ci ha mostrato il suo volto, ricco di  grazia e di misericordia! Non sia vana per noi la sua venuta! Cerchiamo Ges\u00f9,  lasciamoci attirare dalla sua luce, che dissipa dal cuore dell\u2019uomo la tristezza  e la paura; avviciniamoci con fiducia; con umilt\u00e0 prostriamoci per adorarlo.  Buon Natale a tutti!<\/p>\n\n\n\n<p class=\"wp-block-paragraph\"><br class=\"spacer_\"><\/p>\n\n\n\n<p class=\"wp-block-paragraph\">\u00a9 <a href=\"http:\/\/www.vatican.va\/holy_father\/benedict_xvi\/messages\/urbi\/documents\/hf_ben-xvi_mes_20081225_urbi_it.html\" target=\"_blank\">Copyright 2008 &#8211; Libreria  Editrice Vaticana<\/a><\/p>\n\n\n\n<p class=\"wp-block-paragraph\"><br class=\"spacer_\"><\/p>\n\n\n\n<p class=\"has-text-align-left wp-block-paragraph\">Fonte del podcast: <strong>Radio Vaticana<\/strong> via FeedRss<\/p>\n\n\n\n<p class=\"wp-block-paragraph\"><br class=\"spacer_\"><\/p>\n\n\n\n<p class=\"wp-block-paragraph\"><em>(The content of this podcast is copyrighted by Vatican Radio which, according to  its statute, is entrusted to manage and protect the sound recordings of the  Roman Pontiff, ensuring that their pastoral character and intellectual  property&#8217;s rights are protected when used by third parties. The content of this  podcast is made available only for personal and private use and cannot be  exploited for commercial purposes, without prior written authorization by  Vatican Radio. For further information, please contact the International  Relation Office at relint@vatiradio.va)<\/em><\/p>\n","protected":false},"excerpt":{"rendered":"<p>MESSAGGIO URBI ET ORBI DI SUA SANTIT\u00c0 BENEDETTO XVI Quando: 25 dicembre 2008 | Dove: Piazza San Pietro (Roma) | Durata:&nbsp; 00:27:16:18 &#8220;Apparuit gratia Dei Salvatoris nostri omnibus hominibus&#8221; (Tit 2,11). Cari fratelli e sorelle, con le parole dell\u2019apostolo Paolo rinnovo il gioioso annuncio del Natale di Cristo: s\u00ec, oggi, &#8220;\u00e8 apparsa a tutti gli&#8230;<\/p>\n","protected":false},"author":3,"featured_media":0,"comment_status":"closed","ping_status":"closed","sticky":false,"template":"","format":"standard","meta":{"_kad_post_transparent":"","_kad_post_title":"","_kad_post_layout":"","_kad_post_sidebar_id":"","_kad_post_content_style":"","_kad_post_vertical_padding":"","_kad_post_feature":"","_kad_post_feature_position":"","_kad_post_header":false,"_kad_post_footer":false,"_kad_post_classname":"","footnotes":""},"categories":[11,4],"tags":[73,30,141],"class_list":["post-227596","post","type-post","status-publish","format-standard","hentry","category-11","category-audio-cattolici","tag-benedetto-xvi","tag-papa","tag-tempo-di-natale"],"_links":{"self":[{"href":"https:\/\/archivio.cercoiltuovolto.it\/index.php?rest_route=\/wp\/v2\/posts\/227596","targetHints":{"allow":["GET"]}}],"collection":[{"href":"https:\/\/archivio.cercoiltuovolto.it\/index.php?rest_route=\/wp\/v2\/posts"}],"about":[{"href":"https:\/\/archivio.cercoiltuovolto.it\/index.php?rest_route=\/wp\/v2\/types\/post"}],"author":[{"embeddable":true,"href":"https:\/\/archivio.cercoiltuovolto.it\/index.php?rest_route=\/wp\/v2\/users\/3"}],"replies":[{"embeddable":true,"href":"https:\/\/archivio.cercoiltuovolto.it\/index.php?rest_route=%2Fwp%2Fv2%2Fcomments&post=227596"}],"version-history":[{"count":0,"href":"https:\/\/archivio.cercoiltuovolto.it\/index.php?rest_route=\/wp\/v2\/posts\/227596\/revisions"}],"wp:attachment":[{"href":"https:\/\/archivio.cercoiltuovolto.it\/index.php?rest_route=%2Fwp%2Fv2%2Fmedia&parent=227596"}],"wp:term":[{"taxonomy":"category","embeddable":true,"href":"https:\/\/archivio.cercoiltuovolto.it\/index.php?rest_route=%2Fwp%2Fv2%2Fcategories&post=227596"},{"taxonomy":"post_tag","embeddable":true,"href":"https:\/\/archivio.cercoiltuovolto.it\/index.php?rest_route=%2Fwp%2Fv2%2Ftags&post=227596"}],"curies":[{"name":"wp","href":"https:\/\/api.w.org\/{rel}","templated":true}]}}