{"id":227581,"date":"2008-12-22T11:47:21","date_gmt":"2008-12-22T11:47:21","guid":{"rendered":"https:\/\/archivio.cercoiltuovolto.it\/?p=227581"},"modified":"2026-07-02T16:23:01","modified_gmt":"2026-07-02T16:23:01","slug":"firenze-capannucce-in-citta","status":"publish","type":"post","link":"https:\/\/archivio.cercoiltuovolto.it\/?p=227581","title":{"rendered":"Firenze: Capannucce in Citt\u00e0"},"content":{"rendered":"<p><a href=\"http:\/\/www.cercoiltuovolto.it\/\/wp-content\/uploads\/2008\/12\/firenze-capannucce-in-citta.jpg\"><img loading=\"lazy\" decoding=\"async\" class=\"alignleft size-full wp-image-2548\" title=\"firenze-capannucce-in-citta\" src=\"http:\/\/www.cercoiltuovolto.it\/\/wp-content\/uploads\/2008\/12\/firenze-capannucce-in-citta.jpg\" alt=\"firenze-capannucce-in-citta\" width=\"171\" height=\"240\" \/><\/a><\/p>\n<blockquote>\n<p style=\"text-align: justify;\">\u2018<a href=\"http:\/\/www.capannucceincitta.it\/\" target=\"_blank\">Capannucce in citt\u00e0<\/a>&#8216; nasce nel 2002 con lo scopo di valorizzare lo spirito del Natale e far ritornare al centro dei festeggiamenti la \u2018capannuccia&#8217; che rappresenta la sacra nativit\u00e0. L&#8217;idea di Mario Razzanelli viene subito appoggiata dalla Diocesi fiorentina e dall&#8217;allora vescovo Monsignor Ennio Antonelli.<\/p>\n<\/blockquote>\n<p style=\"text-align: justify;\"><strong>Di seguito<\/strong>, l&#8217;intervista di Radio Vaticana a mons. Betori arcivescovo di Firenze:<\/p>\n<p style=\"text-align: justify;\">&#8216;Dobbiamo dire a tutti che il Natale \u00e8 la festa della nascita di Ges\u00f9. E poich\u00e9 vedere qualcosa convince pi\u00f9 che parlarne, dobbiamo mostrarlo con il presepe&#8217;. Cos\u00ec, l&#8217;arcivescovo di Firenze, mons. Betori, si \u00e8 rivolto ai ragazzi che partecipano a &#8216;Capannucce in citt\u00e0&#8217;, l&#8217;iniziativa che promuove l&#8217;arte presepiale tra i pi\u00f9 giovani. Ma in tutta Italia, grazie all&#8217;Associazione Italiana amici del Presepio, l&#8217;interesse per questa attivit\u00e0 culturale e spirituale non diminuisce.<br \/>\n [audio:http:\/\/media01.vatiradio.va\/podcast\/00142983.MP3]<\/p>\n<p style=\"text-align: justify;\">Download file mp3<\/p>\n<p style=\"text-align: justify;\"><a class=\"download-audio\" href=\"http:\/\/62.77.60.84\/audio\/ra\/00142983.RM\">Download file .rm<\/a><\/p>\n","protected":false},"excerpt":{"rendered":"<p>\u2018Capannucce in citt\u00e0&#8216; nasce nel 2002 con lo scopo di valorizzare lo spirito del Natale e far ritornare al centro dei festeggiamenti la \u2018capannuccia&#8217; che rappresenta la sacra nativit\u00e0. L&#8217;idea di Mario Razzanelli viene subito appoggiata dalla Diocesi fiorentina e dall&#8217;allora vescovo Monsignor Ennio Antonelli. Di seguito, l&#8217;intervista di Radio Vaticana a mons. Betori arcivescovo&#8230;<\/p>\n","protected":false},"author":3,"featured_media":0,"comment_status":"closed","ping_status":"closed","sticky":false,"template":"","format":"standard","meta":{"_kad_post_transparent":"","_kad_post_title":"","_kad_post_layout":"","_kad_post_sidebar_id":"","_kad_post_content_style":"","_kad_post_vertical_padding":"","_kad_post_feature":"","_kad_post_feature_position":"","_kad_post_header":false,"_kad_post_footer":false,"_kad_post_classname":"","footnotes":""},"categories":[11,4],"tags":[62,144,31],"class_list":["post-227581","post","type-post","status-publish","format-standard","hentry","category-11","category-audio-cattolici","tag-diocesi","tag-presepi","tag-radio-nel-web"],"_links":{"self":[{"href":"https:\/\/archivio.cercoiltuovolto.it\/index.php?rest_route=\/wp\/v2\/posts\/227581","targetHints":{"allow":["GET"]}}],"collection":[{"href":"https:\/\/archivio.cercoiltuovolto.it\/index.php?rest_route=\/wp\/v2\/posts"}],"about":[{"href":"https:\/\/archivio.cercoiltuovolto.it\/index.php?rest_route=\/wp\/v2\/types\/post"}],"author":[{"embeddable":true,"href":"https:\/\/archivio.cercoiltuovolto.it\/index.php?rest_route=\/wp\/v2\/users\/3"}],"replies":[{"embeddable":true,"href":"https:\/\/archivio.cercoiltuovolto.it\/index.php?rest_route=%2Fwp%2Fv2%2Fcomments&post=227581"}],"version-history":[{"count":0,"href":"https:\/\/archivio.cercoiltuovolto.it\/index.php?rest_route=\/wp\/v2\/posts\/227581\/revisions"}],"wp:attachment":[{"href":"https:\/\/archivio.cercoiltuovolto.it\/index.php?rest_route=%2Fwp%2Fv2%2Fmedia&parent=227581"}],"wp:term":[{"taxonomy":"category","embeddable":true,"href":"https:\/\/archivio.cercoiltuovolto.it\/index.php?rest_route=%2Fwp%2Fv2%2Fcategories&post=227581"},{"taxonomy":"post_tag","embeddable":true,"href":"https:\/\/archivio.cercoiltuovolto.it\/index.php?rest_route=%2Fwp%2Fv2%2Ftags&post=227581"}],"curies":[{"name":"wp","href":"https:\/\/api.w.org\/{rel}","templated":true}]}}