{"id":227569,"date":"2008-12-22T07:00:02","date_gmt":"2008-12-22T07:00:02","guid":{"rendered":"https:\/\/archivio.cercoiltuovolto.it\/?p=227569"},"modified":"2026-07-02T16:23:01","modified_gmt":"2026-07-02T16:23:01","slug":"conversazioni-notturne-a-gerusalemme-sul-rischio-della-fede","status":"publish","type":"post","link":"https:\/\/archivio.cercoiltuovolto.it\/?p=227569","title":{"rendered":"Conversazioni notturne a Gerusalemme &#8211; sul rischio della fede"},"content":{"rendered":"<p style=\"text-align: justify;\"><a href=\"http:\/\/www.ibs.it\/code\/9788804583912\/martini-carlo-m-\/conversazioni-notturne-gerusalemme.html?shop=3462\"><img loading=\"lazy\" decoding=\"async\" class=\"alignleft size-medium wp-image-2457\" title=\"conversazioni-notturne-a-gerusalemme-sul-rischio-della-fede\" src=\"http:\/\/www.cercoiltuovolto.it\/\/wp-content\/uploads\/2008\/12\/conversazioni-notturne-a-gerusalemme-sul-rischio-della-fede-192x300.jpg\" alt=\"conversazioni-notturne-a-gerusalemme-sul-rischio-della-fede\" width=\"192\" height=\"300\" \/><\/a>Su <a href=\"http:\/\/www.radiovoce.it\/podcast_dettagli.php?get_id=1507\" target=\"_blank\">Radio Voce<\/a>, Padre G.Carlo Paris presenta &#8220;Conversazioni notturne a Gerusalemme &#8211; sul rischio della fede&#8221;.<\/p>\n<p style=\"text-align: justify;\">Il gesuita austriaco Georg Sporschill, che si occupa dei ragazzi di strada della Romania, ha raccolto alcune domande sul senso della vita di questi giovani e le ha rivolte al cardinal Martini. Ed. Mondadori.<\/p>\n<p style=\"text-align: justify;\">Carlo Maria Martini, ex arcivescovo di Milano e studioso della Bibbia di fama mondiale, e Georg Sporschill, gesuita austriaco, che vive insieme ai bambini di strada in Romania e in Moldavia, si sono conosciuti durante un soggiorno a Gerusalemme e sono diventati amici. Ispirati da molti incontri con i giovani, si sono chiesti come concretamente gli uomini di fede possono rispondere alla crisi etica della contemporaneit\u00e0: &#8220;Che cosa farebbe oggigiorno Ges\u00f9?&#8221;, &#8220;A quale meta conduce il cammino delle religioni in una societ\u00e0 sempre pi\u00f9 disorientata e priva di Dio?&#8221;. Nell&#8217;ultima stagione della sua vita, Carlo Maria Martini si offre al proprio interlocutore con franchezza e semplicit\u00e0, senza reticenze, dando vita a quello che pu\u00f2 essere interpretato come il suo testamento spirituale.<\/p>\n<p style=\"text-align: justify;\">[audio:http:\/\/www.radiovoce.it\/podcast\/libri\/050.mp3]<\/p>\n<p><a class=\"acquista\" href=\"http:\/\/www.ibs.it\/code\/9788804583912\/martini-carlo-m-\/conversazioni-notturne-gerusalemme.html?shop=3462\" target=\"_blank\">Acquista il libro<\/a><\/p>\n<p><br class=\"spacer_\" \/><\/p>\n","protected":false},"excerpt":{"rendered":"<p>Su Radio Voce, Padre G.Carlo Paris presenta &#8220;Conversazioni notturne a Gerusalemme &#8211; sul rischio della fede&#8221;. Il gesuita austriaco Georg Sporschill, che si occupa dei ragazzi di strada della Romania, ha raccolto alcune domande sul senso della vita di questi giovani e le ha rivolte al cardinal Martini. Ed. Mondadori. Carlo Maria Martini, ex arcivescovo&#8230;<\/p>\n","protected":false},"author":3,"featured_media":0,"comment_status":"closed","ping_status":"closed","sticky":false,"template":"","format":"standard","meta":{"_kad_post_transparent":"","_kad_post_title":"","_kad_post_layout":"","_kad_post_sidebar_id":"","_kad_post_content_style":"","_kad_post_vertical_padding":"","_kad_post_feature":"","_kad_post_feature_position":"","_kad_post_header":false,"_kad_post_footer":false,"_kad_post_classname":"","footnotes":""},"categories":[11,4],"tags":[23,14,117],"class_list":["post-227569","post","type-post","status-publish","format-standard","hentry","category-11","category-audio-cattolici","tag-bibbia","tag-dio","tag-incontri"],"_links":{"self":[{"href":"https:\/\/archivio.cercoiltuovolto.it\/index.php?rest_route=\/wp\/v2\/posts\/227569","targetHints":{"allow":["GET"]}}],"collection":[{"href":"https:\/\/archivio.cercoiltuovolto.it\/index.php?rest_route=\/wp\/v2\/posts"}],"about":[{"href":"https:\/\/archivio.cercoiltuovolto.it\/index.php?rest_route=\/wp\/v2\/types\/post"}],"author":[{"embeddable":true,"href":"https:\/\/archivio.cercoiltuovolto.it\/index.php?rest_route=\/wp\/v2\/users\/3"}],"replies":[{"embeddable":true,"href":"https:\/\/archivio.cercoiltuovolto.it\/index.php?rest_route=%2Fwp%2Fv2%2Fcomments&post=227569"}],"version-history":[{"count":0,"href":"https:\/\/archivio.cercoiltuovolto.it\/index.php?rest_route=\/wp\/v2\/posts\/227569\/revisions"}],"wp:attachment":[{"href":"https:\/\/archivio.cercoiltuovolto.it\/index.php?rest_route=%2Fwp%2Fv2%2Fmedia&parent=227569"}],"wp:term":[{"taxonomy":"category","embeddable":true,"href":"https:\/\/archivio.cercoiltuovolto.it\/index.php?rest_route=%2Fwp%2Fv2%2Fcategories&post=227569"},{"taxonomy":"post_tag","embeddable":true,"href":"https:\/\/archivio.cercoiltuovolto.it\/index.php?rest_route=%2Fwp%2Fv2%2Ftags&post=227569"}],"curies":[{"name":"wp","href":"https:\/\/api.w.org\/{rel}","templated":true}]}}