{"id":227564,"date":"2008-12-19T10:21:10","date_gmt":"2008-12-19T10:21:10","guid":{"rendered":"https:\/\/archivio.cercoiltuovolto.it\/?p=227564"},"modified":"2026-07-02T16:23:01","modified_gmt":"2026-07-02T16:23:01","slug":"letture-in-mp3-quarta-domenica-di-avvento-21122008","status":"publish","type":"post","link":"https:\/\/archivio.cercoiltuovolto.it\/?p=227564","title":{"rendered":"Letture in mp3 &#8211; Quarta domenica di Avvento &#8211; 21\/12\/2008"},"content":{"rendered":"<h4><img loading=\"lazy\" decoding=\"async\" class=\"alignleft size-full wp-image-2470\" title=\"L'angelo dell'annunciazione\" src=\"http:\/\/www.cercoiltuovolto.it\/\/wp-content\/uploads\/2008\/12\/angelo-annunciazione.jpg\" alt=\"L'angelo dell'annunciazione\" width=\"189\" height=\"390\" \/>Prima lettura<\/h4>\n<p style=\"text-align: justify;\">2Sam 7,1-5.8-12.14.16<\/p>\n<p style=\"text-align: justify;\">Il regno di Davide sar\u00e0 saldo per sempre davanti al Signore.<\/p>\n<p style=\"text-align: justify;\">Dal secondo libro di Samu\u00e8le<\/p>\n<p style=\"text-align: justify;\">Il re Davide,\/ quando si fu stabilito nella sua casa,\/ e il Signore gli ebbe dato riposo da tutti i suoi nemici all&#8217;intorno,\/ disse al profeta Natan:\/ \u00abVedi,\/ io abito in una casa di cedro,\/ mentre l&#8217;arca di Dio sta sotto i teli di una tenda\u00bb.\/\/ Natan rispose al re:\/ \u00abVa&#8217;,\/ fa&#8217; quanto hai in cuor tuo,\/ perch\u00e9 il Signore \u00e8 con te\u00bb.\/\/<br \/>\n Ma quella stessa notte\/ fu rivolta a Natan questa parola del Signore:\/ \u00abVa&#8217;\/ e di&#8217; al mio servo Davide:\/ &#8220;Cos\u00ec dice il Signore:\/ Forse tu mi costruirai una casa,\/ perch\u00e9 io vi abiti?\/\/ Io ti ho preso dal pascolo,\/ mentre seguivi il gregge,\/ perch\u00e9 tu fossi capo del mio popolo Israele.\/\/  Sono stato con te dovunque sei andato,\/ ho distrutto tutti i tuoi nemici davanti a te\/ e render\u00f2 il tuo nome grande\/ come quello dei grandi che sono sulla terra.\/\/ Fisser\u00f2 un luogo per Israele,\/ mio popolo,\/ e ve lo pianter\u00f2 perch\u00e9 vi abiti e non tremi pi\u00f9\/ e i malfattori non lo opprimano come in passato\/ e come dal giorno in cui avevo stabilito dei giudici\/ sul mio popolo Israele.\/\/ Ti dar\u00f2 riposo da tutti i tuoi nemici.\/ Il Signore ti annuncia che far\u00e0 a te una casa.\/\/<br \/>\n Quando i tuoi giorni saranno compiuti\/ e tu dormirai con i tuoi padri,\/ io susciter\u00f2 un tuo discendente dopo di te,\/ uscito dalle tue viscere,\/ e render\u00f2 stabile il suo regno.\/\/ Io sar\u00f2 per lui padre\/ ed egli sar\u00e0 per me figlio.\/\/<br \/>\n La tua casa e il tuo regno\/ saranno saldi per sempre davanti a me,\/ il tuo trono sar\u00e0 reso stabile\/ per sempre&#8221;\u00bb.<\/p>\n<p style=\"text-align: justify;\">[audio:http:\/\/www.proclamarelaparola.it\/bavv_1.mp3]<\/p>\n<h4>Salmo responsoriale<\/h4>\n<p style=\"text-align: justify;\">(di norma deve venire eseguito in canto)<br \/>\n Sal 88<\/p>\n<p style=\"text-align: justify;\">Rit.:Canter\u00f2 per sempre l&#8217;amore del Signore.<\/p>\n<p style=\"text-align: justify;\">Canter\u00f2 in eterno l&#8217;amore del Signore,<br \/>\n di generazione in generazione<br \/>\n far\u00f2 conoscere con la mia bocca la tua fedelt\u00e0,<br \/>\n perch\u00e9 ho detto: \u00ab\u00c8 un amore edificato per sempre;<br \/>\n nel cielo rendi stabile la tua fedelt\u00e0\u00bb.<\/p>\n<p style=\"text-align: justify;\">\u00abHo stretto un&#8217;alleanza con il mio eletto,<br \/>\n ho giurato a Davide, mio servo.<br \/>\n Stabilir\u00f2 per sempre la tua discendenza,<br \/>\n di generazione in generazione edificher\u00f2 il tuo trono\u00bb.<\/p>\n<p style=\"text-align: justify;\">\u00abEgli mi invocher\u00e0: &#8220;Tu sei mio padre,<br \/>\n mio Dio e roccia della mia salvezza&#8221;.<br \/>\n Gli conserver\u00f2 sempre il mio amore,<\/p>\n<p style=\"text-align: justify;\">la mia alleanza gli sar\u00e0 fedele\u00bb.<\/p>\n<h4>Seconda lettura<\/h4>\n<p style=\"text-align: justify;\">Rm 16,25-27<\/p>\n<p style=\"text-align: justify;\">Il mistero avvolto nel silenzio per secoli, ora \u00e8 manifestato.<\/p>\n<p style=\"text-align: justify;\">Dalla lettera di san Paolo apostolo ai Romani<\/p>\n<p style=\"text-align: justify;\">Fratelli,\/<br \/>\n a colui\/ che ha il potere di confermarvi<br \/>\n nel mio vangelo,\/ che annuncia Ges\u00f9 Cristo,\/<br \/>\n secondo la rivelazione del mistero,\/<br \/>\n avvolto nel silenzio per secoli eterni,\/<br \/>\n ma ora manifestato mediante le scritture dei Profeti,\/<br \/>\n per ordine dell&#8217;eterno Dio,\/<br \/>\n annunciato a tutte le genti\/<br \/>\n perch\u00e9 giungano all&#8217;obbedienza della fede,\/<br \/>\n a Dio,\/ che solo \u00e8 sapiente,\/<br \/>\n per mezzo di Ges\u00f9 Cristo,\/<br \/>\n la gloria nei secoli.\/ Amen.<\/p>\n<p style=\"text-align: justify;\">[audio:http:\/\/www.proclamarelaparola.it\/bavv_2.mp3]<\/p>\n<h4>Vangelo<\/h4>\n<p style=\"text-align: justify;\">Lc 1,26-38<\/p>\n<p style=\"text-align: justify;\">Ecco concepirai un figlio e lo darai alla luce.<\/p>\n<p style=\"text-align: justify;\">+ Dal Vangelo secondo Luca<\/p>\n<p style=\"text-align: justify;\">In quel tempo, l&#8217;angelo Gabriele fu mandato da Dio in una citt\u00e0 della Galilea, chiamata N\u00e0zaret, a una vergine, promessa sposa di un uomo della casa di Davide, di nome Giuseppe. La vergine si chiamava Maria. Entrando da lei, disse: \u00abRall\u00e8grati, piena di grazia: il Signore \u00e8 con te\u00bb.<br \/>\n A queste parole ella fu molto turbata e si domandava che senso avesse un saluto come questo. L&#8217;angelo le disse: \u00abNon temere, Maria, perch\u00e9 hai trovato grazia presso Dio. Ed ecco, concepirai un figlio, lo darai alla luce e lo chiamerai Ges\u00f9. Sar\u00e0 grande e verr\u00e0 chiamato Figlio dell&#8217;Altissimo; il Signore Dio gli dar\u00e0 il trono di Davide suo padre e regner\u00e0 per sempre sulla casa di Giacobbe e il suo regno non avr\u00e0 fine\u00bb.<br \/>\n Allora Maria disse all&#8217;angelo: \u00abCome avverr\u00e0 questo, poich\u00e9 non conosco uomo?\u00bb. Le rispose l&#8217;angelo: \u00abLo Spirito Santo scender\u00e0 su di te e la potenza dell&#8217;Altissimo ti coprir\u00e0 con la sua ombra. Perci\u00f2 colui che nascer\u00e0 sar\u00e0 santo e sar\u00e0 chiamato Figlio di Dio. Ed ecco, Elisabetta, tua parente, nella sua vecchiaia ha concepito anch&#8217;essa un figlio e questo \u00e8 il sesto mese per lei, che era detta sterile: nulla \u00e8 impossibile a Dio\u00bb.<br \/>\n Allora Maria disse: \u00abEcco la serva del Signore: avvenga per me secondo la tua parola\u00bb. E l&#8217;angelo si allontan\u00f2 da lei.<br \/>\n[audio:http:\/\/www.proclamarelaparola.it\/bavv_3.mp3]<\/p>\n<p style=\"text-align: justify;\"><strong>Fonte e download mp3<\/strong>: Proclamare la Parola<\/p>\n","protected":false},"excerpt":{"rendered":"<p>Prima lettura 2Sam 7,1-5.8-12.14.16 Il regno di Davide sar\u00e0 saldo per sempre davanti al Signore. Dal secondo libro di Samu\u00e8le Il re Davide,\/ quando si fu stabilito nella sua casa,\/ e il Signore gli ebbe dato riposo da tutti i suoi nemici all&#8217;intorno,\/ disse al profeta Natan:\/ \u00abVedi,\/ io abito in una casa di cedro,\/&#8230;<\/p>\n","protected":false},"author":3,"featured_media":0,"comment_status":"closed","ping_status":"closed","sticky":false,"template":"","format":"standard","meta":{"_kad_post_transparent":"","_kad_post_title":"","_kad_post_layout":"","_kad_post_sidebar_id":"","_kad_post_content_style":"","_kad_post_vertical_padding":"","_kad_post_feature":"","_kad_post_feature_position":"","_kad_post_header":false,"_kad_post_footer":false,"_kad_post_classname":"","footnotes":""},"categories":[11,131],"tags":[115,96,42],"class_list":["post-227564","post","type-post","status-publish","format-standard","hentry","category-11","category-annunciazione-del-signore","tag-audio","tag-avvento","tag-lettura-del-vangelo"],"_links":{"self":[{"href":"https:\/\/archivio.cercoiltuovolto.it\/index.php?rest_route=\/wp\/v2\/posts\/227564","targetHints":{"allow":["GET"]}}],"collection":[{"href":"https:\/\/archivio.cercoiltuovolto.it\/index.php?rest_route=\/wp\/v2\/posts"}],"about":[{"href":"https:\/\/archivio.cercoiltuovolto.it\/index.php?rest_route=\/wp\/v2\/types\/post"}],"author":[{"embeddable":true,"href":"https:\/\/archivio.cercoiltuovolto.it\/index.php?rest_route=\/wp\/v2\/users\/3"}],"replies":[{"embeddable":true,"href":"https:\/\/archivio.cercoiltuovolto.it\/index.php?rest_route=%2Fwp%2Fv2%2Fcomments&post=227564"}],"version-history":[{"count":0,"href":"https:\/\/archivio.cercoiltuovolto.it\/index.php?rest_route=\/wp\/v2\/posts\/227564\/revisions"}],"wp:attachment":[{"href":"https:\/\/archivio.cercoiltuovolto.it\/index.php?rest_route=%2Fwp%2Fv2%2Fmedia&parent=227564"}],"wp:term":[{"taxonomy":"category","embeddable":true,"href":"https:\/\/archivio.cercoiltuovolto.it\/index.php?rest_route=%2Fwp%2Fv2%2Fcategories&post=227564"},{"taxonomy":"post_tag","embeddable":true,"href":"https:\/\/archivio.cercoiltuovolto.it\/index.php?rest_route=%2Fwp%2Fv2%2Ftags&post=227564"}],"curies":[{"name":"wp","href":"https:\/\/api.w.org\/{rel}","templated":true}]}}