{"id":227533,"date":"2008-12-11T17:21:54","date_gmt":"2008-12-11T17:21:54","guid":{"rendered":"https:\/\/archivio.cercoiltuovolto.it\/?p=227533"},"modified":"2026-07-02T16:23:00","modified_gmt":"2026-07-02T16:23:00","slug":"video-vangelo-terza-domenica-di-avvento-2008","status":"publish","type":"post","link":"https:\/\/archivio.cercoiltuovolto.it\/?p=227533","title":{"rendered":"Video Vangelo &#8211; Terza Domenica di Avvento 2008"},"content":{"rendered":"<p style=\"text-align: center;\"><a rel=\"facebox\" href=\"http:\/\/www.cercoiltuovolto.it\/\/wp-content\/uploads\/2008\/12\/john_the_baptist__painting_by_argentum_moon.jpg\"><img loading=\"lazy\" decoding=\"async\" class=\"aligncenter size-medium wp-image-2341\" title=\"Giovanni il Battista\" src=\"http:\/\/www.cercoiltuovolto.it\/\/wp-content\/uploads\/2008\/12\/john_the_baptist__painting_by_argentum_moon-225x300.jpg\" alt=\"\" width=\"225\" height=\"300\" \/><\/a><\/p>\n<p style=\"text-align: center;\">\u00a0<\/p>\n<p><br class=\"spacer_\" \/><\/p>\n<p style=\"text-align: justify;\"><strong>Guarda il video della lettura del vangelo<\/strong> della settimana e le riflessioni affidate a diversi commentatori. <strong>Video Vangelo<\/strong> del 14 Dicembre 2008 &#8211; <strong>III DOMENICA   DI AVVENTO (ANNO B) &#8211; GAUDETE<\/strong><\/p>\n<p style=\"text-align: left;\"><strong>Commento <\/strong>di mons Luciano Monari | <strong>Lettrice<\/strong> Elena Gianni | <strong>Fonte<\/strong>: Voce Audiovisivi<\/p>\n<p><br class=\"spacer_\" \/><\/p>\n<p style=\"text-align: left;\">[flv]http:\/\/www.centroaudiovisivi.it\/video\/lbn081214\/vangelo.flv[\/flv]<\/p>\n<p><br class=\"spacer_\" \/><\/p>\n<p><strong>Vangelo <\/strong> Gv   1,6-8.19-28<br \/>\n <em>In   mezzo a voi sta uno che voi non conoscete.<\/em><\/p>\n<p><em><br \/>\n <\/em><strong>Dal Vangelo secondo Giovanni <\/strong><\/p>\n<p style=\"text-align: justify;\">Venne un uomo mandato da Dio:<br \/>\n il suo nome era Giovanni.<br \/>\n Egli venne come   testimone<br \/>\n per dare testimonianza alla luce,<br \/>\n perch\u00e9 tutti credessero per   mezzo di lui.<br \/>\n Non era lui la luce,<br \/>\n ma doveva dare testimonianza alla   luce.<br \/>\n Questa \u00e8 la testimonianza di Giovanni, quando i Giudei gli inviarono da Gerusalemme sacerdoti e lev\u00ecti a interrogarlo: \u00abTu, chi sei?\u00bb. Egli confess\u00f2 e non neg\u00f2. Confess\u00f2: \u00abIo non sono il Cristo\u00bb. Allora gli chiesero: \u00abChi sei, dunque? Sei tu Elia?\u00bb. \u00abNon lo sono\u00bb, disse. \u00abSei tu il profeta?\u00bb. \u00abNo\u00bb, rispose. Gli dissero allora: \u00abChi sei? Perch\u00e9 possiamo dare una risposta a coloro che ci hanno mandato. Che cosa dici di te stesso?\u00bb. Rispose: \u00abIo sono voce di uno che grida nel deserto: Rendete diritta la via del Signore, come disse il profeta Isa\u00eca\u00bb. <br \/>\n Quelli che erano stati inviati venivano dai farisei. Essi lo interrogarono e gli dissero: \u00abPerch\u00e9 dunque tu battezzi, se non sei il Cristo, n\u00e9 Elia, n\u00e9 il profeta?\u00bb. Giovanni rispose loro: \u00abIo battezzo nell&#8217;acqua. In mezzo a voi sta uno che voi non conoscete, colui che viene dopo di me: a lui io non sono degno di slegare il laccio del sandalo\u00bb. <br \/>\n Questo   avvenne in Bet\u00e0nia, al di l\u00e0 del Giordano, dove Giovanni stava battezzando.<\/p>\n<p>\n<\/p>\n<p class=\"stickynote\"><strong>Fonte del video<\/strong>: Centro Audiovisivi &#8211; La Buona Notizia<br \/>\n<strong>Tutta la celebrazione<\/strong> nella LLiturgia del giorno  CEI<\/p>\n","protected":false},"excerpt":{"rendered":"<p>\u00a0 Guarda il video della lettura del vangelo della settimana e le riflessioni affidate a diversi commentatori. Video Vangelo del 14 Dicembre 2008 &#8211; III DOMENICA DI AVVENTO (ANNO B) &#8211; GAUDETE Commento di mons Luciano Monari | Lettrice Elena Gianni | Fonte: Voce Audiovisivi [flv]http:\/\/www.centroaudiovisivi.it\/video\/lbn081214\/vangelo.flv[\/flv] Vangelo Gv 1,6-8.19-28 In mezzo a voi sta uno&#8230;<\/p>\n","protected":false},"author":3,"featured_media":0,"comment_status":"closed","ping_status":"closed","sticky":false,"template":"","format":"standard","meta":{"_kad_post_transparent":"","_kad_post_title":"","_kad_post_layout":"","_kad_post_sidebar_id":"","_kad_post_content_style":"","_kad_post_vertical_padding":"","_kad_post_feature":"","_kad_post_feature_position":"","_kad_post_header":false,"_kad_post_footer":false,"_kad_post_classname":"","footnotes":""},"categories":[11,112],"tags":[5,113,81],"class_list":["post-227533","post","type-post","status-publish","format-standard","hentry","category-11","category-avvento","tag-commento-al-vangelo","tag-video","tag-video-vangelo"],"_links":{"self":[{"href":"https:\/\/archivio.cercoiltuovolto.it\/index.php?rest_route=\/wp\/v2\/posts\/227533","targetHints":{"allow":["GET"]}}],"collection":[{"href":"https:\/\/archivio.cercoiltuovolto.it\/index.php?rest_route=\/wp\/v2\/posts"}],"about":[{"href":"https:\/\/archivio.cercoiltuovolto.it\/index.php?rest_route=\/wp\/v2\/types\/post"}],"author":[{"embeddable":true,"href":"https:\/\/archivio.cercoiltuovolto.it\/index.php?rest_route=\/wp\/v2\/users\/3"}],"replies":[{"embeddable":true,"href":"https:\/\/archivio.cercoiltuovolto.it\/index.php?rest_route=%2Fwp%2Fv2%2Fcomments&post=227533"}],"version-history":[{"count":0,"href":"https:\/\/archivio.cercoiltuovolto.it\/index.php?rest_route=\/wp\/v2\/posts\/227533\/revisions"}],"wp:attachment":[{"href":"https:\/\/archivio.cercoiltuovolto.it\/index.php?rest_route=%2Fwp%2Fv2%2Fmedia&parent=227533"}],"wp:term":[{"taxonomy":"category","embeddable":true,"href":"https:\/\/archivio.cercoiltuovolto.it\/index.php?rest_route=%2Fwp%2Fv2%2Fcategories&post=227533"},{"taxonomy":"post_tag","embeddable":true,"href":"https:\/\/archivio.cercoiltuovolto.it\/index.php?rest_route=%2Fwp%2Fv2%2Ftags&post=227533"}],"curies":[{"name":"wp","href":"https:\/\/api.w.org\/{rel}","templated":true}]}}