{"id":227520,"date":"2008-12-09T14:31:04","date_gmt":"2008-12-09T14:31:04","guid":{"rendered":"https:\/\/archivio.cercoiltuovolto.it\/?p=227520"},"modified":"2026-07-02T16:23:00","modified_gmt":"2026-07-02T16:23:00","slug":"letture-in-mp3-della-terza-domenica-di-avvento-2008","status":"publish","type":"post","link":"https:\/\/archivio.cercoiltuovolto.it\/?p=227520","title":{"rendered":"Letture in mp3 della Terza Domenica di Avvento 2008"},"content":{"rendered":"<h3><a rel=\"facebox\" href=\"http:\/\/www.cercoiltuovolto.it\/\/wp-content\/uploads\/2008\/12\/baptist1.jpg\"><img loading=\"lazy\" decoding=\"async\" class=\"alignleft size-medium wp-image-2293\" title=\"San Giovanni il Battista\" src=\"http:\/\/www.cercoiltuovolto.it\/\/wp-content\/uploads\/2008\/12\/baptist1-194x300.jpg\" alt=\"\" width=\"194\" height=\"300\" \/><\/a>Prima lettura<br \/>\n<\/h3>\n<p>Is 61,1-2.10-11<\/p>\n<p>Gioisco pienamente nel Signore.<\/p>\n<p>Dal libro del profeta Isa\u00eca<\/p>\n<p>Lo spirito del Signore Dio \u00e8 su di me,\/   <br \/>\nperch\u00e9 il Signore mi ha consacrato con l\u2019unzione;\/    <br \/>\nmi ha mandato\/ a portare il lieto annuncio ai miseri,\/    <br \/>\na fasciare le piaghe dei cuori spezzati,\/    <br \/>\na proclamare la libert\u00e0 degli schiavi,\/    <br \/>\nla scarcerazione dei prigionieri,\/    <br \/>\na promulgare\/ l\u2019anno di grazia del Signore.\/\/\u00a0     <br \/>\nIo gioisco pienamente nel Signore,\/    <br \/>\nla mia anima esulta nel mio Dio,\/    <br \/>\nperch\u00e9 mi ha rivestito\/ delle vesti della salvezza,\/    <br \/>\nmi ha avvolto\/ con il mantello della giustizia,\/    <br \/>\ncome uno sposo si mette il diadema\/    <br \/>\ne come una sposa\/ si adorna di gioielli.\/\/    <br \/>\nPoich\u00e9,\/ come la terra produce i suoi germogli\/    <br \/>\ne come un giardino fa germogliare i suoi semi,\/    <br \/>\ncos\u00ec il Signore Dio\/ far\u00e0 germogliare la giustizia\/    <br \/>\ne la lode davanti a tutte le genti.<\/p>\n[audio:http:\/\/www.proclamarelaparola.it\/bavv3_1.mp3]\n<p><br class=\"spacer_\" \/><\/p>\n<h3>Salmo responsoriale<\/h3>\n<p>(di norma deve venire eseguito in canto)     <br \/>\nLc 1<\/p>\n<p><strong>Rit.:La mia anima esulta nel mio Dio.<\/strong><\/p>\n<p>L\u2019anima mia magnifica il Signore   <br \/>\ne il mio spirito esulta in Dio, mio salvatore,    <br \/>\nperch\u00e9 ha guardato l\u2019umilt\u00e0 della sua serva.    <br \/>\nD\u2019ora in poi tutte le generazioni mi chiameranno beata.<\/p>\n<p>Grandi cose ha fatto per me l\u2019Onnipotente   <br \/>\ne Santo \u00e8 il suo nome;    <br \/>\ndi generazione in generazione la sua misericordia    <br \/>\nper quelli che lo temono.<\/p>\n<p>Ha ricolmato di beni gli affamati,   <br \/>\nha rimandato i ricchi a mani vuote.    <br \/>\nHa soccorso Israele, suo servo,    <br \/>\nricordandosi della sua misericordia.<\/p>\n<p><br class=\"spacer_\" \/><\/p>\n<h3>Seconda lettura<\/h3>\n<p>1Ts 5,16-24     <br \/>\nSpirito, anima e corpo si conservino irreprensibili per la venuta del Signore.<\/p>\n<p>Dalla prima lettera di san Paolo apostolo ai Tessalonic\u00e9si<\/p>\n<p>Fratelli,\/ siate sempre lieti,\/ pregate ininterrottamente,\/ in ogni cosa rendete grazie:\/\/ questa infatti \u00e8 volont\u00e0 di Dio in Cristo Ges\u00f9\/ verso di voi.\/\/ <br \/>\nNon spegnete lo Spirito,\/ non disprezzate le profezie.\/\/ Vagliate ogni cosa\/ e tenete ci\u00f2 che \u00e8 buono.\/\/ Astenetevi da ogni specie di male.\/\/ <br \/>\nIl Dio della pace vi santifichi interamente,\/ e tutta la vostra persona,\/ spirito,\/ anima e corpo,\/ si conservi irreprensibile\/ per la venuta del Signore nostro Ges\u00f9 Cristo.\/\/ Degno di fede \u00e8 colui che vi chiama:\/ egli far\u00e0 tutto questo!<\/p>\n[audio:http:\/\/www.proclamarelaparola.it\/bavv3_2.mp3]\n<h3>Vangelo<\/h3>\n<p>Gv 1,6-8.19-28     <br \/>\nIn mezzo a voi sta uno che voi non conoscete.<\/p>\n<p>+ Dal Vangelo secondo Giovanni<\/p>\n<p style=\"text-align: justify;\">Venne un uomo mandato da Dio:     <br \/>\nil suo nome era Giovanni.      <br \/>\nEgli venne come testimone      <br \/>\nper dare testimonianza alla luce,      <br \/>\nperch\u00e9 tutti credessero per mezzo di lui.      <br \/>\nNon era lui la luce,      <br \/>\nma doveva dare testimonianza alla luce.      <br \/>\nQuesta \u00e8 la testimonianza di Giovanni, quando i Giudei gli inviarono da Gerusalemme sacerdoti e lev\u00ecti a interrogarlo: \u00abTu, chi sei?\u00bb. Egli confess\u00f2 e non neg\u00f2. Confess\u00f2: \u00abIo non sono il Cristo\u00bb. Allora gli chiesero: \u00abChi sei, dunque? Sei tu Elia?\u00bb. \u00abNon lo sono\u00bb, disse. \u00abSei tu il profeta?\u00bb. \u00abNo\u00bb, rispose. Gli dissero allora: \u00abChi sei? Perch\u00e9 possiamo dare una risposta a coloro che ci hanno mandato. Che cosa dici di te stesso?\u00bb. Rispose: \u00abIo sono voce di uno che grida nel deserto: Rendete diritta la via del Signore, come disse il profeta Isa\u00eca\u00bb. <br \/>\nQuelli che erano stati inviati venivano dai farisei. Essi lo interrogarono e gli dissero: \u00abPerch\u00e9 dunque tu battezzi, se non sei il Cristo, n\u00e9 Elia, n\u00e9 il profeta?\u00bb. Giovanni rispose loro: \u00abIo battezzo nell\u2019acqua. In mezzo a voi sta uno che voi non conoscete, colui che viene dopo di me: a lui io non sono degno di slegare il laccio del sandalo\u00bb. <br \/>\nQuesto avvenne in Bet\u00e0nia, al di l\u00e0 del Giordano, dove Giovanni stava battezzando.<br \/>\n[audio:http:\/\/www.proclamarelaparola.it\/bavv3_3.mp3]<\/p>\n<p>Fonte: Proclamare la Parola<\/p>\n","protected":false},"excerpt":{"rendered":"<p>Prima lettura Is 61,1-2.10-11 Gioisco pienamente nel Signore. Dal libro del profeta Isa\u00eca Lo spirito del Signore Dio \u00e8 su di me,\/ perch\u00e9 il Signore mi ha consacrato con l\u2019unzione;\/ mi ha mandato\/ a portare il lieto annuncio ai miseri,\/ a fasciare le piaghe dei cuori spezzati,\/ a proclamare la libert\u00e0 degli schiavi,\/ la scarcerazione&#8230;<\/p>\n","protected":false},"author":3,"featured_media":0,"comment_status":"closed","ping_status":"closed","sticky":false,"template":"","format":"standard","meta":{"_kad_post_transparent":"","_kad_post_title":"","_kad_post_layout":"","_kad_post_sidebar_id":"","_kad_post_content_style":"","_kad_post_vertical_padding":"","_kad_post_feature":"","_kad_post_feature_position":"","_kad_post_header":false,"_kad_post_footer":false,"_kad_post_classname":"","footnotes":""},"categories":[11,4],"tags":[96,42,61],"class_list":["post-227520","post","type-post","status-publish","format-standard","hentry","category-11","category-audio-cattolici","tag-avvento","tag-lettura-del-vangelo","tag-letture-in-mp3"],"_links":{"self":[{"href":"https:\/\/archivio.cercoiltuovolto.it\/index.php?rest_route=\/wp\/v2\/posts\/227520","targetHints":{"allow":["GET"]}}],"collection":[{"href":"https:\/\/archivio.cercoiltuovolto.it\/index.php?rest_route=\/wp\/v2\/posts"}],"about":[{"href":"https:\/\/archivio.cercoiltuovolto.it\/index.php?rest_route=\/wp\/v2\/types\/post"}],"author":[{"embeddable":true,"href":"https:\/\/archivio.cercoiltuovolto.it\/index.php?rest_route=\/wp\/v2\/users\/3"}],"replies":[{"embeddable":true,"href":"https:\/\/archivio.cercoiltuovolto.it\/index.php?rest_route=%2Fwp%2Fv2%2Fcomments&post=227520"}],"version-history":[{"count":0,"href":"https:\/\/archivio.cercoiltuovolto.it\/index.php?rest_route=\/wp\/v2\/posts\/227520\/revisions"}],"wp:attachment":[{"href":"https:\/\/archivio.cercoiltuovolto.it\/index.php?rest_route=%2Fwp%2Fv2%2Fmedia&parent=227520"}],"wp:term":[{"taxonomy":"category","embeddable":true,"href":"https:\/\/archivio.cercoiltuovolto.it\/index.php?rest_route=%2Fwp%2Fv2%2Fcategories&post=227520"},{"taxonomy":"post_tag","embeddable":true,"href":"https:\/\/archivio.cercoiltuovolto.it\/index.php?rest_route=%2Fwp%2Fv2%2Ftags&post=227520"}],"curies":[{"name":"wp","href":"https:\/\/api.w.org\/{rel}","templated":true}]}}