{"id":227498,"date":"2008-12-06T08:00:43","date_gmt":"2008-12-06T08:00:43","guid":{"rendered":"https:\/\/archivio.cercoiltuovolto.it\/?p=227498"},"modified":"2026-07-02T16:22:59","modified_gmt":"2026-07-02T16:22:59","slug":"alberto-maggi-camminate-nella-novita-di-vita","status":"publish","type":"post","link":"https:\/\/archivio.cercoiltuovolto.it\/?p=227498","title":{"rendered":"Alberto Maggi &#8211; Camminate nella novit\u00e0 di vita"},"content":{"rendered":"<p style=\"text-align: justify;\"><a rel=\"facebox\" href=\"http:\/\/www.cercoiltuovolto.it\/\/wp-content\/uploads\/2008\/12\/chiesa-concilio.jpg\"><img loading=\"lazy\" decoding=\"async\" class=\"size-thumbnail wp-image-2204 alignright\" title=\"La locandina\" src=\"http:\/\/www.cercoiltuovolto.it\/\/wp-content\/uploads\/2008\/12\/chiesa-concilio-150x150.jpg\" alt=\"\" width=\"150\" height=\"150\" \/><\/a>Intervento registrato nel corso del convegno dal titolo &#8220;<strong>Chiesa del Concilio, dove sei? &#8211; riappropriamoci della sua profezia<\/strong>&#8220;, organizzato dalle Comunit\u00e0 Missionarie del Vangelo in collaborazione con l&#8217;Universit\u00e0 degli Studi di Palermo e la Pro Civitate Christiana di Assisi, dal 13 al 16 novembre 2008 a Cefal\u00f9 (Pa).<\/p>\n<p style=\"text-align: justify;\">\u00a0<\/p>\n<p style=\"text-align: justify;\">\n<p style=\"text-align: justify;\">Visita il sito: www.oikia.info | Fonte: Arcoiris TV<\/p>\n","protected":false},"excerpt":{"rendered":"<p>Intervento registrato nel corso del convegno dal titolo &#8220;Chiesa del Concilio, dove sei? &#8211; riappropriamoci della sua profezia&#8220;, organizzato dalle Comunit\u00e0 Missionarie del Vangelo in collaborazione con l&#8217;Universit\u00e0 degli Studi di Palermo e la Pro Civitate Christiana di Assisi, dal 13 al 16 novembre 2008 a Cefal\u00f9 (Pa). \u00a0 Visita il sito: www.oikia.info | Fonte:&#8230;<\/p>\n","protected":false},"author":3,"featured_media":0,"comment_status":"closed","ping_status":"closed","sticky":false,"template":"","format":"standard","meta":{"_kad_post_transparent":"","_kad_post_title":"","_kad_post_layout":"","_kad_post_sidebar_id":"","_kad_post_content_style":"","_kad_post_vertical_padding":"","_kad_post_feature":"","_kad_post_feature_position":"","_kad_post_header":false,"_kad_post_footer":false,"_kad_post_classname":"","footnotes":""},"categories":[11,122],"tags":[80,113],"class_list":["post-227498","post","type-post","status-publish","format-standard","hentry","category-11","category-conferenze","tag-vangelo","tag-video"],"_links":{"self":[{"href":"https:\/\/archivio.cercoiltuovolto.it\/index.php?rest_route=\/wp\/v2\/posts\/227498","targetHints":{"allow":["GET"]}}],"collection":[{"href":"https:\/\/archivio.cercoiltuovolto.it\/index.php?rest_route=\/wp\/v2\/posts"}],"about":[{"href":"https:\/\/archivio.cercoiltuovolto.it\/index.php?rest_route=\/wp\/v2\/types\/post"}],"author":[{"embeddable":true,"href":"https:\/\/archivio.cercoiltuovolto.it\/index.php?rest_route=\/wp\/v2\/users\/3"}],"replies":[{"embeddable":true,"href":"https:\/\/archivio.cercoiltuovolto.it\/index.php?rest_route=%2Fwp%2Fv2%2Fcomments&post=227498"}],"version-history":[{"count":0,"href":"https:\/\/archivio.cercoiltuovolto.it\/index.php?rest_route=\/wp\/v2\/posts\/227498\/revisions"}],"wp:attachment":[{"href":"https:\/\/archivio.cercoiltuovolto.it\/index.php?rest_route=%2Fwp%2Fv2%2Fmedia&parent=227498"}],"wp:term":[{"taxonomy":"category","embeddable":true,"href":"https:\/\/archivio.cercoiltuovolto.it\/index.php?rest_route=%2Fwp%2Fv2%2Fcategories&post=227498"},{"taxonomy":"post_tag","embeddable":true,"href":"https:\/\/archivio.cercoiltuovolto.it\/index.php?rest_route=%2Fwp%2Fv2%2Ftags&post=227498"}],"curies":[{"name":"wp","href":"https:\/\/api.w.org\/{rel}","templated":true}]}}