{"id":227478,"date":"2008-12-03T10:21:02","date_gmt":"2008-12-03T10:21:02","guid":{"rendered":"https:\/\/archivio.cercoiltuovolto.it\/?p=227478"},"modified":"2026-07-02T16:22:58","modified_gmt":"2026-07-02T16:22:58","slug":"religione-musica-del-2-dicembre-2008","status":"publish","type":"post","link":"https:\/\/archivio.cercoiltuovolto.it\/?p=227478","title":{"rendered":"&#8220;Religione &#038; Musica&#8221; del 2 dicembre 2008"},"content":{"rendered":"<p style=\"text-align: justify;\"><img loading=\"lazy\" decoding=\"async\" class=\"alignleft size-medium wp-image-2134\" title=\"La Passione di Ges\u00f9 a Manchester\" src=\"http:\/\/www.cercoiltuovolto.it\/\/wp-content\/uploads\/2008\/12\/300manchester_passion.jpg\" alt=\"\" width=\"300\" height=\"180\" \/>Convergenze tra musica moderna e spiritualit\u00e0. In onda al marted\u00ec su RLB alle ore 10.30 del mattino, con Antonello Formosa e padre Massimo Granieri. Nella puntata del marted\u00ec 21 ottobre &#8217;08:<\/p>\n<p>MONODOSAGGIO:<\/p>\n<ul>\n<li style=\"text-align: justify;\"><span style=\"font-weight: bold;\">La Passione di Ges\u00f9 a Manchester<\/span>. La rappresentazione scenica degli eventi passiologici di Cristo, in onda tv su <span style=\"font-weight: bold;\">BBC Three<\/span>, con le canzoni dei pi\u00f9 celebri gruppi di Manchester: <span style=\"font-weight: bold;\">Oasis<\/span>, <span style=\"font-weight: bold;\">James<\/span>, <span style=\"font-weight: bold;\">The Smiths<\/span>, <span style=\"font-weight: bold;\">New Order<\/span>, <span style=\"font-weight: bold;\">Mr. People<\/span>. <\/li>\n<li><span style=\"font-weight: bold;\">Il Christian Rock <\/span>dei <span style=\"font-weight: bold;\">Kutless<\/span>.<\/li>\n<li>Ed ancora: <span style=\"font-weight: bold;\">Teresa De Sio<\/span>.<\/li>\n<\/ul>\n<p>\nSubscribe Free for future posts Add this player to my Page<\/p>\n<p><br class=\"spacer_\" \/><\/p>\n<p>Fonte: <a href=\"http:\/\/maxgranieri.blogspot.com\/2008\/12\/religione-musica-diretta-radio-del-2.html\" target=\"_blank\">L&#8217;Arena dei Rumori<\/a><\/p>\n<p><br class=\"spacer_\" \/><\/p>\n","protected":false},"excerpt":{"rendered":"<p>Convergenze tra musica moderna e spiritualit\u00e0. In onda al marted\u00ec su RLB alle ore 10.30 del mattino, con Antonello Formosa e padre Massimo Granieri. Nella puntata del marted\u00ec 21 ottobre &#8217;08: MONODOSAGGIO: La Passione di Ges\u00f9 a Manchester. La rappresentazione scenica degli eventi passiologici di Cristo, in onda tv su BBC Three, con le canzoni&#8230;<\/p>\n","protected":false},"author":3,"featured_media":0,"comment_status":"closed","ping_status":"closed","sticky":false,"template":"","format":"standard","meta":{"_kad_post_transparent":"","_kad_post_title":"","_kad_post_layout":"","_kad_post_sidebar_id":"","_kad_post_content_style":"","_kad_post_vertical_padding":"","_kad_post_feature":"","_kad_post_feature_position":"","_kad_post_header":false,"_kad_post_footer":false,"_kad_post_classname":"","footnotes":""},"categories":[11,4],"tags":[54,31,92],"class_list":["post-227478","post","type-post","status-publish","format-standard","hentry","category-11","category-audio-cattolici","tag-interviste","tag-radio-nel-web","tag-spettacoli"],"_links":{"self":[{"href":"https:\/\/archivio.cercoiltuovolto.it\/index.php?rest_route=\/wp\/v2\/posts\/227478","targetHints":{"allow":["GET"]}}],"collection":[{"href":"https:\/\/archivio.cercoiltuovolto.it\/index.php?rest_route=\/wp\/v2\/posts"}],"about":[{"href":"https:\/\/archivio.cercoiltuovolto.it\/index.php?rest_route=\/wp\/v2\/types\/post"}],"author":[{"embeddable":true,"href":"https:\/\/archivio.cercoiltuovolto.it\/index.php?rest_route=\/wp\/v2\/users\/3"}],"replies":[{"embeddable":true,"href":"https:\/\/archivio.cercoiltuovolto.it\/index.php?rest_route=%2Fwp%2Fv2%2Fcomments&post=227478"}],"version-history":[{"count":0,"href":"https:\/\/archivio.cercoiltuovolto.it\/index.php?rest_route=\/wp\/v2\/posts\/227478\/revisions"}],"wp:attachment":[{"href":"https:\/\/archivio.cercoiltuovolto.it\/index.php?rest_route=%2Fwp%2Fv2%2Fmedia&parent=227478"}],"wp:term":[{"taxonomy":"category","embeddable":true,"href":"https:\/\/archivio.cercoiltuovolto.it\/index.php?rest_route=%2Fwp%2Fv2%2Fcategories&post=227478"},{"taxonomy":"post_tag","embeddable":true,"href":"https:\/\/archivio.cercoiltuovolto.it\/index.php?rest_route=%2Fwp%2Fv2%2Ftags&post=227478"}],"curies":[{"name":"wp","href":"https:\/\/api.w.org\/{rel}","templated":true}]}}