{"id":227470,"date":"2008-12-01T16:00:59","date_gmt":"2008-12-01T16:00:59","guid":{"rendered":"https:\/\/archivio.cercoiltuovolto.it\/?p=227470"},"modified":"2026-07-02T16:22:58","modified_gmt":"2026-07-02T16:22:58","slug":"angelus-della-prima-domenica-di-avvento-2008","status":"publish","type":"post","link":"https:\/\/archivio.cercoiltuovolto.it\/?p=227470","title":{"rendered":"Angelus della Prima domenica di Avvento 2008"},"content":{"rendered":"<p>Preghiera dell&#8217;Angelus con il Santo Padre Benedetto XVI.<\/p>\n<p><strong>Quando: <\/strong>30 novembre 2008 | <strong>Dove<\/strong>: Piazza San Pietro (Roma) |<strong> Durata<\/strong>: 00:15:23:28<\/p>\n<p><em>[ascolta anche la riflessione del priore della Comunit\u00e0 di Bose, Enzo Bianchi]<\/em><\/p>\n<p><br class=\"spacer_\" \/><\/p>\n<p><img loading=\"lazy\" decoding=\"async\" class=\"alignleft size-medium wp-image-2089\" title=\"Maria\" src=\"http:\/\/www.cercoiltuovolto.it\/\/wp-content\/uploads\/2008\/12\/xmas-mary-300x243.gif\" alt=\"\" width=\"300\" height=\"243\" \/><em>Cari fratelli e sorelle<\/em>!<\/p>\n<p style=\"text-align: justify;\">Iniziamo oggi, con la <a href=\"http:\/\/www.vatican.va\/liturgical_year\/advent\/2008\/i_sunday_it.htm\"> prima Domenica di Avvento<\/a>, un nuovo Anno liturgico. Questo fatto ci invita a  riflettere sulla dimensione del tempo, che esercita sempre su di noi un grande  fascino. Sull\u2019esempio di quanto amava fare Ges\u00f9, desidererei tuttavia partire da  una constatazione molto concreta: tutti diciamo che &#8220;ci manca il tempo&#8221;, perch\u00e9  il ritmo della vita quotidiana \u00e8 diventato per tutti frenetico. Anche a tale  riguardo la Chiesa ha una &#8220;buona notizia&#8221; da portare: Dio ci dona il <em>suo<\/em> tempo. Noi abbiamo sempre poco tempo; specialmente per il Signore non sappiamo  o, talvolta, non vogliamo trovarlo. Ebbene, <em>Dio ha tempo per noi<\/em>! Questa  \u00e8 la prima cosa che l\u2019inizio di un anno liturgico ci fa riscoprire con  meraviglia sempre nuova. S\u00ec: Dio ci dona il suo tempo, perch\u00e9 \u00e8 entrato nella  storia con la sua parola e le sue opere di salvezza, per aprirla all\u2019eterno, per  farla diventare storia di alleanza. In questa prospettiva, il tempo \u00e8 gi\u00e0 in se  stesso un segno fondamentale dell\u2019amore di Dio: un dono che l\u2019uomo, come ogni  altra cosa, \u00e8 in grado di valorizzare o, al contrario, di sciupare; di cogliere  nel suo significato, o di trascurare con ottusa superficialit\u00e0.<\/p>\n<div class=\"teaser\">\n<h3>Info Box<\/h3>\n<p><img decoding=\"async\" style=\"vertical-align: middle;\" title=\"Ascolta il file\" src=\"http:\/\/www.cercoiltuovolto.it\/\/images\/sound.png\" alt=\"Ascolta\" \/> Ascolta: [audio:http:\/\/media01.vatiradio.va\/podcast\/00140316.MP3]<br \/>\n <img loading=\"lazy\" decoding=\"async\" style=\"vertical-align: middle;\" title=\"Note\" src=\"http:\/\/www.cercoiltuovolto.it\/\/images\/notes.png\" alt=\"Note\" width=\"24\" height=\"24\" \/> Note: <strong>Radio Vaticana<\/strong> via FeedRss <em>(The content of this podcast is copyrighted by Vatican Radio which, according to its statute, is entrusted to manage and protect the sound recordings of the Roman Pontiff, ensuring that their pastoral character and intellectual property&#8217;s rights are protected when used by third parties. The content of this podcast is made available only for personal and private use and cannot be exploited for commercial purposes, without prior written authorization by Vatican Radio. For further information, please contact the International Relation Office at relint@vatiradio.va)<\/em><\/p>\n<div><span class=\"morebis\"><img decoding=\"async\" style=\"vertical-align: middle;\" title=\"Link\" src=\"http:\/\/www.cercoiltuovolto.it\/\/images\/web.png\" alt=\"Link\" \/> <a href=\"#\" target=\"_blank\">Fonte della notizia<\/a> <a href=\"#\"><img decoding=\"async\" style=\"vertical-align: middle;\" src=\"http:\/\/www.cercoiltuovolto.it\/\/images\/download.png\" alt=\"Download del file\" \/><\/a> Download Multimedia<\/span><\/div>\n<\/div>\n<p><br class=\"spacer_\" \/><\/p>\n<p style=\"text-align: justify;\">Tre poi sono i grandi &#8220;cardini&#8221; del tempo, che scandiscono la storia della  salvezza: all\u2019inizio la creazione, al centro l\u2019incarnazione-redenzione e al  termine la &#8220;parusia&#8221;, la venuta finale che comprende anche il giudizio  universale. Questi tre momenti per\u00f2 non sono da intendersi semplicemente in  successione cronologica. Infatti, la creazione \u00e8 s\u00ec all\u2019origine di tutto, ma \u00e8  anche continua e si attua lungo l\u2019intero arco del divenire cosmico, fino alla  fine dei tempi. Cos\u00ec pure l\u2019incarnazione-redenzione, se \u00e8 avvenuta in un  determinato momento storico, il periodo del passaggio di Ges\u00f9 sulla terra,  tuttavia estende il suo raggio d\u2019azione a tutto il tempo precedente e a tutto  quello seguente. E a loro volta l\u2019ultima venuta e il giudizio finale, che  proprio nella Croce di Cristo hanno avuto un decisivo anticipo, esercitano il  loro influsso sulla condotta degli uomini di ogni epoca.<\/p>\n<p style=\"text-align: justify;\">Il tempo liturgico dell\u2019Avvento celebra la venuta di Dio, nei suoi due  momenti: dapprima ci invita a risvegliare l\u2019attesa del ritorno glorioso di  Cristo; quindi, avvicinandosi il Natale, ci chiama ad accogliere il Verbo fatto  uomo per la nostra salvezza. Ma il Signore viene continuamente nella nostra  vita. Quanto mai opportuno \u00e8 quindi l\u2019appello di Ges\u00f9, che in questa prima  Domenica ci viene riproposto con forza: &#8220;Vegliate!&#8221; (<em>Mc<\/em> 13,33.35.37). E\u2019  rivolto ai discepoli, ma anche &#8220;a tutti&#8221;, perch\u00e9 ciascuno, nell\u2019ora che solo Dio  conosce, sar\u00e0 chiamato a rendere conto della propria esistenza. Questo comporta  un giusto distacco dai beni terreni, un sincero pentimento dei propri errori,  una carit\u00e0 operosa verso il prossimo e soprattutto un umile e fiducioso  affidamento alle mani di Dio, nostro Padre tenero e misericordioso. Icona  dell\u2019Avvento \u00e8 la Vergine Maria, la Madre di Ges\u00f9. InvochiamoLa perch\u00e9 aiuti  anche noi a diventare un prolungamento di umanit\u00e0 per il Signore che viene.<\/p>\n<p style=\"text-align: justify;\"><strong>Dopo l&#8217;Angelus<\/strong><\/p>\n<p style=\"text-align: justify;\">Il 30 novembre ricorre la festa dell\u2019Apostolo sant\u2019Andrea, fratello di Simon  Pietro. Entrambi furono dapprima seguaci di Giovanni il Battista e, dopo il  battesimo di Ges\u00f9 nel Giordano, divennero suoi discepoli, riconoscendo in Lui il  Messia. Sant\u2019Andrea \u00e8 patrono del Patriarcato di Costantinopoli, cos\u00ec che la  Chiesa di Roma si sente legata a quella costantinopolitana da un vincolo di  speciale fraternit\u00e0. Perci\u00f2, secondo la tradizione, in questa felice circostanza  una delegazione della Santa Sede, guidata dal Cardinale Walter Kasper,  Presidente del Pontificio Consiglio per la Promozione dell\u2019Unit\u00e0 dei Cristiani,  si \u00e8 recata in visita al Patriarca Ecumenico Bartolomeo I. Di tutto cuore  rivolgo il mio saluto e il mio augurio a lui e ai fedeli del Patriarcato,  invocando su tutti l\u2019abbondanza delle celesti benedizioni.<\/p>\n<p style=\"text-align: justify;\">Vorrei invitarvi a unirvi nella preghiera per le numerose vittime sia dei  brutali attacchi terroristici di Mumbai, in India, sia degli scontri scoppiati a  Jos, in Nigeria, come pure per i feriti e quanti, in qualsiasi modo, sono stati  colpiti. Diverse sono le cause e le circostanze di quei tragici avvenimenti, ma  comuni devono essere l\u2019orrore e la deplorazione per l\u2019esplosione di tanta  crudele e insensata violenza. Chiediamo al Signore di toccare il cuore di coloro  che si illudono che questa sia la via per risolvere i problemi locali o  internazionali e sentiamoci tutti spronati a dare esempio di mitezza e di amore  per costruire una societ\u00e0 degna di Dio e dell\u2019uomo.<\/p>\n<p style=\"text-align: justify;\"><em>[Do il benvenuto ai polacchi. Saluto in particolare i partecipanti  all\u2019Incontro Romano dei Giovani, che sono giunti qui da diversi Paesi per  cercare insieme nell\u2019insegnamento di Giovanni Paolo II le ispirazioni e le  prospettive per una vita fruttuosa. In questo impegno per la costruzione di un  futuro di felicit\u00e0 vi sostenga la protezione di Maria. Dio benedica tutti i  presenti.]<\/em><\/p>\n<p>Saluto infine con affetto i pellegrini di lingua italiana, in particolare i  fedeli provenienti da Trieste, Medicina, Praia a Mare, Diamante, Pozzallo e  Modica. A tutti auguro una buona domenica e un Avvento ricco di frutti  spirituali.<br class=\"spacer_\" \/><\/p>\n<p align=\"center\">\u00a9 Copyright 2008 &#8211; Libreria  Editrice Vaticana<\/p>\n<p><br class=\"spacer_\" \/><\/p>\n<p><br class=\"spacer_\" \/><\/p>\n<p style=\"text-align: left;\">Fonte del podcast: <strong>Radio Vaticana<\/strong> via FeedRss<\/p>\n<p><br class=\"spacer_\" \/><\/p>\n<p style=\"text-align: justify;\"><em>(The content of this podcast is copyrighted by Vatican Radio which, according to  its statute, is entrusted to manage and protect the sound recordings of the  Roman Pontiff, ensuring that their pastoral character and intellectual  property&#8217;s rights are protected when used by third parties. The content of this  podcast is made available only for personal and private use and cannot be  exploited for commercial purposes, without prior written authorization by  Vatican Radio. For further information, please contact the International  Relation Office at relint@vatiradio.va)<\/em><\/p>\n","protected":false},"excerpt":{"rendered":"<p>Preghiera dell&#8217;Angelus con il Santo Padre Benedetto XVI. Quando: 30 novembre 2008 | Dove: Piazza San Pietro (Roma) | Durata: 00:15:23:28 [ascolta anche la riflessione del priore della Comunit\u00e0 di Bose, Enzo Bianchi] Cari fratelli e sorelle! Iniziamo oggi, con la prima Domenica di Avvento, un nuovo Anno liturgico. Questo fatto ci invita a riflettere&#8230;<\/p>\n","protected":false},"author":3,"featured_media":0,"comment_status":"closed","ping_status":"closed","sticky":false,"template":"","format":"standard","meta":{"_kad_post_transparent":"","_kad_post_title":"","_kad_post_layout":"","_kad_post_sidebar_id":"","_kad_post_content_style":"","_kad_post_vertical_padding":"","_kad_post_feature":"","_kad_post_feature_position":"","_kad_post_header":false,"_kad_post_footer":false,"_kad_post_classname":"","footnotes":""},"categories":[11,114],"tags":[115,96,73],"class_list":["post-227470","post","type-post","status-publish","format-standard","hentry","category-11","category-angelus","tag-audio","tag-avvento","tag-benedetto-xvi"],"_links":{"self":[{"href":"https:\/\/archivio.cercoiltuovolto.it\/index.php?rest_route=\/wp\/v2\/posts\/227470","targetHints":{"allow":["GET"]}}],"collection":[{"href":"https:\/\/archivio.cercoiltuovolto.it\/index.php?rest_route=\/wp\/v2\/posts"}],"about":[{"href":"https:\/\/archivio.cercoiltuovolto.it\/index.php?rest_route=\/wp\/v2\/types\/post"}],"author":[{"embeddable":true,"href":"https:\/\/archivio.cercoiltuovolto.it\/index.php?rest_route=\/wp\/v2\/users\/3"}],"replies":[{"embeddable":true,"href":"https:\/\/archivio.cercoiltuovolto.it\/index.php?rest_route=%2Fwp%2Fv2%2Fcomments&post=227470"}],"version-history":[{"count":0,"href":"https:\/\/archivio.cercoiltuovolto.it\/index.php?rest_route=\/wp\/v2\/posts\/227470\/revisions"}],"wp:attachment":[{"href":"https:\/\/archivio.cercoiltuovolto.it\/index.php?rest_route=%2Fwp%2Fv2%2Fmedia&parent=227470"}],"wp:term":[{"taxonomy":"category","embeddable":true,"href":"https:\/\/archivio.cercoiltuovolto.it\/index.php?rest_route=%2Fwp%2Fv2%2Fcategories&post=227470"},{"taxonomy":"post_tag","embeddable":true,"href":"https:\/\/archivio.cercoiltuovolto.it\/index.php?rest_route=%2Fwp%2Fv2%2Ftags&post=227470"}],"curies":[{"name":"wp","href":"https:\/\/api.w.org\/{rel}","templated":true}]}}