{"id":226671,"date":"2008-06-19T00:00:00","date_gmt":"2008-06-18T23:00:00","guid":{"rendered":"http:\/\/1002565717"},"modified":"2026-07-01T18:43:02","modified_gmt":"2026-07-01T18:43:02","slug":"dodicesima-domenica-del-tempo-ordinario-videovangelo-del-22-giugno-2008","status":"publish","type":"post","link":"https:\/\/archivio.cercoiltuovolto.it\/?p=226671","title":{"rendered":"Dodicesima Domenica del Tempo Ordinario &#8211; Videovangelo del 22 Giugno 2008"},"content":{"rendered":"<p><strong>Guarda il video della lettura del vangelo<\/strong> della settimana<br \/>\n        e le riflessioni affidate a diversi commentatori.<br \/><strong>Video Vangelo<\/strong> del 22 giugno 2008 &#8211; <strong>XII DOMENICA   DEL TEMPO ORDINARIO      (ANNO A)<\/strong><br \/><strong>Commento <\/strong>di p. Franco Mosconi,<br \/>\nmonaco camaldolese &#8211; <strong>Lettrice<\/strong> Chiara Seddio<br \/>\n<br \/><!--more-->\n<\/p>\n<div style=\"text-align: center\"><\/div>\n<p style=\"text-align: center;\"> {moseasymedia media=http:\/\/www.centroaudiovisivi.it\/video\/lbn080622\/080622_vangelo.flv}<\/p>\n<p style=\"text-align: left;\"> Oppure apri il video in una<br \/>\n{mgmediabot2}path=hhttp:\/\/www.centroaudiovisivi.it\/video\/lbn080622\/080622_vangelo.flv|popup= popup|width=400|height=400{\/mgmediabot2}<\/p>\n<p><strong>Vangelo<\/strong> Mt 10,26-33<br \/> <em>Non abbiate paura di quelli che   uccidono il corpo.<\/em><em><br \/> <\/em><br \/> <strong>Dal Vangelo secondo Matteo <\/strong><\/p>\n<p style=\"text-align: justify;\">In quel tempo, Ges\u00f9 disse ai suoi apostoli: <br \/> \u00abNon abbiate paura degli uomini, poich\u00e9 nulla vi \u00e8 di nascosto che non<br \/>\nsar\u00e0 svelato n\u00e9 di segreto che non sar\u00e0 conosciuto. Quello che io vi<br \/>\ndico nelle tenebre voi ditelo nella luce, e quello che ascoltate<br \/>\nall&#8217;orecchio voi annunciatelo dalle terrazze. <br \/> E non abbiate paura di quelli che uccidono il corpo, ma non hanno<br \/>\npotere di uccidere l&#8217;anima; abbiate paura piuttosto di colui che ha il<br \/>\npotere di far perire nella Ge\u00e8nna e l&#8217;anima e il corpo. <br \/> Due passeri non si vendono forse per un soldo? Eppure nemmeno uno di<br \/>\nessi cadr\u00e0 a terra senza il volere del Padre vostro. Perfino i capelli<br \/>\ndel vostro capo sono tutti contati. Non abbiate dunque paura: voi<br \/>\nvalete pi\u00f9 di molti passeri!<br \/> Perci\u00f2 chiunque mi riconoscer\u00e0 davanti agli uomini, anch&#8217;io lo<br \/>\nriconoscer\u00f2 davanti al Padre mio che \u00e8 nei cieli; chi invece mi<br \/>\nrinnegher\u00e0 davanti agli uomini, anch&#8217;io lo rinnegher\u00f2 davanti al Padre<br \/>\nmio che \u00e8 nei cieli\u00bb.<\/p>\n<p class=\"stickynote\"><strong>Fonte del video<\/strong>: Centro Audiovisivi &#8211; La Buona Notizia<br \/><strong>Tutta la celebrazione<\/strong> nella\u00a0Liturgia del giorno  CEI<\/p>\n","protected":false},"excerpt":{"rendered":"<p>Guarda il video della lettura del vangelo della settimana e le riflessioni affidate a diversi commentatori.Video Vangelo del 22 giugno 2008 &#8211; XII DOMENICA DEL TEMPO ORDINARIO (ANNO A)Commento di p. Franco Mosconi, monaco camaldolese &#8211; Lettrice Chiara Seddio<\/p>\n","protected":false},"author":3,"featured_media":0,"comment_status":"open","ping_status":"closed","sticky":false,"template":"","format":"standard","meta":{"_kad_post_transparent":"","_kad_post_title":"","_kad_post_layout":"","_kad_post_sidebar_id":"","_kad_post_content_style":"","_kad_post_vertical_padding":"","_kad_post_feature":"","_kad_post_feature_position":"","_kad_post_header":false,"_kad_post_footer":false,"_kad_post_classname":"","footnotes":""},"categories":[11,6],"tags":[],"class_list":["post-226671","post","type-post","status-publish","format-standard","hentry","category-11","category-video"],"_links":{"self":[{"href":"https:\/\/archivio.cercoiltuovolto.it\/index.php?rest_route=\/wp\/v2\/posts\/226671","targetHints":{"allow":["GET"]}}],"collection":[{"href":"https:\/\/archivio.cercoiltuovolto.it\/index.php?rest_route=\/wp\/v2\/posts"}],"about":[{"href":"https:\/\/archivio.cercoiltuovolto.it\/index.php?rest_route=\/wp\/v2\/types\/post"}],"author":[{"embeddable":true,"href":"https:\/\/archivio.cercoiltuovolto.it\/index.php?rest_route=\/wp\/v2\/users\/3"}],"replies":[{"embeddable":true,"href":"https:\/\/archivio.cercoiltuovolto.it\/index.php?rest_route=%2Fwp%2Fv2%2Fcomments&post=226671"}],"version-history":[{"count":0,"href":"https:\/\/archivio.cercoiltuovolto.it\/index.php?rest_route=\/wp\/v2\/posts\/226671\/revisions"}],"wp:attachment":[{"href":"https:\/\/archivio.cercoiltuovolto.it\/index.php?rest_route=%2Fwp%2Fv2%2Fmedia&parent=226671"}],"wp:term":[{"taxonomy":"category","embeddable":true,"href":"https:\/\/archivio.cercoiltuovolto.it\/index.php?rest_route=%2Fwp%2Fv2%2Fcategories&post=226671"},{"taxonomy":"post_tag","embeddable":true,"href":"https:\/\/archivio.cercoiltuovolto.it\/index.php?rest_route=%2Fwp%2Fv2%2Ftags&post=226671"}],"curies":[{"name":"wp","href":"https:\/\/api.w.org\/{rel}","templated":true}]}}