{"id":226661,"date":"2008-06-13T00:00:00","date_gmt":"2008-06-12T23:00:00","guid":{"rendered":"http:\/\/1933747174"},"modified":"2026-07-01T18:43:02","modified_gmt":"2026-07-01T18:43:02","slug":"undicesima-domenica-del-tempo-ordinario-videovangelo-del-15-giugno-2008","status":"publish","type":"post","link":"https:\/\/archivio.cercoiltuovolto.it\/?p=226661","title":{"rendered":"Undicesima Domenica del Tempo Ordinario &#8211; Videovangelo del 15 Giugno 2008"},"content":{"rendered":"<p><strong>Guarda il video della lettura del vangelo<\/strong> della settimana<br \/>\n        e le riflessioni affidate a diversi commentatori.<br \/><strong>Video Vangelo<\/strong> del 15 giugno 2008 &#8211; <strong>XI DOMENICA   DEL TEMPO ORDINARIO      (ANNO A)<\/strong><br \/><strong>Commento <\/strong>di p. Franco Mosconi,<br \/>\nmonaco camaldolese &#8211; <strong>Lettrice<\/strong> Chiara Seddio<br \/>\n<br \/><!--more-->\n<\/p>\n<div style=\"text-align: center\"><\/div>\n<p style=\"text-align: center;\"> {moseasymedia media=http:\/\/www.centroaudiovisivi.it\/video\/lbn080615\/080615_vangelo.flv}<\/p>\n<p style=\"text-align: left;\"> Oppure apri il video in una<br \/>\n{mgmediabot2}path=http:\/\/www.centroaudiovisivi.it\/video\/lbn080615\/080615_vangelo.flv|popup= popup|width=400|height=400{\/mgmediabot2}<\/p>\n<p><strong>Vangelo<\/strong> Mt 9,36-10,8 <em>Chiamati a s\u00e9 i suoi dodici   discepoli, li mand\u00f2.<\/em><em><br \/> <\/em><br \/> <strong>Dal Vangelo secondo Matteo <\/strong><\/p>\n<p style=\"text-align: justify;\">In<br \/>\nquel tempo, Ges\u00f9, vedendo le folle, ne sent\u00ec compassione, perch\u00e9 erano<br \/>\nstanche e sfinite come pecore che non hanno pastore. Allora disse ai<br \/>\nsuoi discepoli: \u00abLa messe \u00e8 abbondante, ma sono pochi gli operai!<br \/>\nPregate dunque il signore della messe perch\u00e9 mandi operai nella sua<br \/>\nmesse!\u00bb.<br \/> Chiamati a s\u00e9 i suoi dodici discepoli, diede loro potere<br \/>\nsugli spiriti impuri per scacciarli e guarire ogni malattia e ogni<br \/>\ninfermit\u00e0.<br \/> I nomi dei dodici apostoli sono: primo, Simone, chiamato Pietro, e<br \/>\nAndrea suo fratello; Giacomo, figlio di Zebed\u00e8o, e Giovanni suo<br \/>\nfratello; Filippo e Bartolomeo; Tommaso e Matteo il pubblicano;<br \/>\nGiacomo, figlio di Alfeo, e Taddeo; Simone il Cananeo e Giuda<br \/>\nl&#8217;Iscariota, colui che poi lo trad\u00ec.<br \/> Questi sono i Dodici che Ges\u00f9 invi\u00f2, ordinando loro: \u00abNon andate fra i<br \/>\npagani e non entrate nelle citt\u00e0 dei Samaritani; rivolgetevi piuttosto<br \/>\nalle pecore perdute della casa d&#8217;Israele. Strada facendo, predicate,<br \/>\ndicendo che il regno dei cieli \u00e8 vicino. Guarite gli infermi,<br \/>\nrisuscitate i morti, purificate i lebbrosi, scacciate i dem\u00f2ni.<br \/>\nGratuitamente avete ricevuto, gratuitamente date\u00bb.<\/p>\n<p class=\"stickynote\"><strong>Fonte del video<\/strong>: Centro Audiovisivi &#8211; La Buona Notizia<br \/><strong>Tutta la celebrazione<\/strong> nella Liturgia del giorno  CEI<\/p>\n","protected":false},"excerpt":{"rendered":"<p>Guarda il video della lettura del vangelo della settimana e le riflessioni affidate a diversi commentatori.Video Vangelo del 15 giugno 2008 &#8211; XI DOMENICA DEL TEMPO ORDINARIO (ANNO A)Commento di p. Franco Mosconi, monaco camaldolese &#8211; Lettrice Chiara Seddio<\/p>\n","protected":false},"author":3,"featured_media":0,"comment_status":"open","ping_status":"closed","sticky":false,"template":"","format":"standard","meta":{"_kad_post_transparent":"","_kad_post_title":"","_kad_post_layout":"","_kad_post_sidebar_id":"","_kad_post_content_style":"","_kad_post_vertical_padding":"","_kad_post_feature":"","_kad_post_feature_position":"","_kad_post_header":false,"_kad_post_footer":false,"_kad_post_classname":"","footnotes":""},"categories":[11,6],"tags":[],"class_list":["post-226661","post","type-post","status-publish","format-standard","hentry","category-11","category-video"],"_links":{"self":[{"href":"https:\/\/archivio.cercoiltuovolto.it\/index.php?rest_route=\/wp\/v2\/posts\/226661","targetHints":{"allow":["GET"]}}],"collection":[{"href":"https:\/\/archivio.cercoiltuovolto.it\/index.php?rest_route=\/wp\/v2\/posts"}],"about":[{"href":"https:\/\/archivio.cercoiltuovolto.it\/index.php?rest_route=\/wp\/v2\/types\/post"}],"author":[{"embeddable":true,"href":"https:\/\/archivio.cercoiltuovolto.it\/index.php?rest_route=\/wp\/v2\/users\/3"}],"replies":[{"embeddable":true,"href":"https:\/\/archivio.cercoiltuovolto.it\/index.php?rest_route=%2Fwp%2Fv2%2Fcomments&post=226661"}],"version-history":[{"count":0,"href":"https:\/\/archivio.cercoiltuovolto.it\/index.php?rest_route=\/wp\/v2\/posts\/226661\/revisions"}],"wp:attachment":[{"href":"https:\/\/archivio.cercoiltuovolto.it\/index.php?rest_route=%2Fwp%2Fv2%2Fmedia&parent=226661"}],"wp:term":[{"taxonomy":"category","embeddable":true,"href":"https:\/\/archivio.cercoiltuovolto.it\/index.php?rest_route=%2Fwp%2Fv2%2Fcategories&post=226661"},{"taxonomy":"post_tag","embeddable":true,"href":"https:\/\/archivio.cercoiltuovolto.it\/index.php?rest_route=%2Fwp%2Fv2%2Ftags&post=226661"}],"curies":[{"name":"wp","href":"https:\/\/api.w.org\/{rel}","templated":true}]}}