{"id":201,"date":"2008-03-12T01:00:00","date_gmt":"2008-03-12T00:00:00","guid":{"rendered":"http:\/\/920309695"},"modified":"2008-03-12T01:00:00","modified_gmt":"2008-03-12T00:00:00","slug":"giovedi-santo-il-giovedi-dellumilta","status":"publish","type":"post","link":"https:\/\/archivio.cercoiltuovolto.it\/?p=201","title":{"rendered":"Gioved\u00ec Santo &#8211; Il gioved\u00ec dell&#8217;umilt\u00e0"},"content":{"rendered":"<p>Questa \u00e8 una<br \/>\nrielaborazione sulle letture della Messa di:<b><em> GIOVEDI&#8217; 20 MARZO 2008<\/em><\/b> a cura<br \/>\ndi <a href=\"http:\/\/www.bellanotizia.it\" target=\"_blank\" rel=\"noopener noreferrer\">Antonio Di Lieto<\/a> <br \/> Il\u00a0titolo della Messa,\u00a0che unifica<br \/>\ntutte le letture, secondo me \u00e8: <span class=\"highlight\">Il Gioved\u00ec dell&#8217;umilt\u00e0<\/span><\/p>\n<p><!--more--><\/p>\n<p align=\"center\"><a href=\"http:\/\/www.bellanotizia.it\" target=\"_blank\" rel=\"noopener noreferrer\"><\/a><\/p>\n<\/p>\n<p>{mgmediabot2}path=http:\/\/www.fileden.com\/files\/2008\/2\/25\/1781077\/bellanotizia\/20_Mar_08_-_Il_gioved%8D_dell%27umilt%85_%21_%20-.mp3|popup=true|popupcaption=Apri il file in una pop-up|width=200|height=20{\/mgmediabot2}<\/p>\n<\/p>\n<p>{youtube}2mL5Jq7RjAc{\/youtube}<\/p>\n<p style=\"margin: 0cm 0cm 0pt; text-align: justify\" align=\"justify\"><span class=\"highlight\">PRIMA LETTURA (Esodo 12,1-8.11-14)<\/span><br \/> In quei<br \/>\ngiorni Dio disse ad Aronne e Mos\u00e8: &#8220;Ora siete schiavi degli Egiziani, ma vi<br \/>\ngarantisco che sta per arrivare la vostra Pasqua: la vostra liberazione. Fate<br \/>\ncome vi dico: segnate le porte delle vostre case con il sangue di un agnello,<br \/>\nsimbolo di UMILTA&#8217;. Poi mangiate una cena molto UMILE, consumando l\u2019agnello con<br \/>\nerbe amare e pane azzimo. Mangiatelo in fretta, senza dare al pane il tempo di<br \/>\nlievitarsi, perch\u00e9 quella sar\u00e0 la vostra ultima cena prima della vostra Pasqua:<br \/>\ndella vostra liberazione! Quella stessa notte infatti, i vostri persecutori<br \/>\nmoriranno: invece le case segnate con il sangue dell&#8217;agnello, il sangue<br \/>\ndell&#8217;UMILTA&#8217;, saranno risparmiate. Ogni anno, la sera di GIOVEDI\u2019, consumerete<br \/>\nquesta cena di Pasqua: sar\u00e0 per voi come un rituale, per ricordarvi di quando il<br \/>\nSignore vi ha liberato!&#8221;.<\/p>\n<p style=\"margin: 0cm 0cm 0pt; text-align: justify\" align=\"justify\">\n<p style=\"margin: 0cm 0cm 0pt; text-align: justify\" align=\"justify\"><span class=\"highlight\">SALMO RESPONSORIALE (Salmo<br \/>\n115,12-13.15-18)<\/span><br \/> Mio Signore, come posso ricambiare ci\u00f2 che<br \/>\nhai fatto per me? Alzer\u00f2 il calice della tua salvezza: e brinder\u00f2 invocando il<br \/>\ntuo nome. Perch\u00e8 so che la morte dei tuoi fedeli, non ti lascia indifferente.<br \/>\nMio Dio, io sono tuo servo e figlio di una tua serva: ti ringrazio, perch\u00e9 hai<br \/>\nspezzato le mie catene. Non posso fare altro che lodarti e ringraziarti sempre:<br \/>\ncon UMILTA&#8217; !<\/p>\n<p style=\"margin: 0cm 0cm 0pt; text-align: justify\" align=\"justify\">\n<p style=\"margin: 0cm 0cm 0pt; text-align: justify\" align=\"justify\"><span class=\"highlight\">SECONDA LETTURA (dalla prima lettera di Paolo ai cristiani di<br \/>\nCor\u00ecnto 11,23-26)<\/span><br \/> Carissimi fratelli, vi riporto quello che<br \/>\nanche a me \u00e8 stato riferito: mentre Ges\u00f9 consumava la cena del GIOVEDI\u2019 di<br \/>\nPasqua con i suoi discepoli, proprio mentre stava per essere tradito, prese il<br \/>\npane azzimo che stava sulla tavola, lo spezz\u00f2 e disse: &#8220;Questo \u00e8 il mio corpo,<br \/>\nche si lascer\u00e0 spezzare per voi: con UMILTA\u2019. Quando non ci sar\u00f2 pi\u00f9, mangiatelo<br \/>\nin memoria di me!&#8221;. Lasciando intendere che mangiando quel pane, Lui li avrebbe<br \/>\nabbracciati di nuovo: con il Suo Corpo. Allo stesso modo poi, dopo aver cenato,<br \/>\nprese il calice del vino, e disse: \u201cQuesto \u00e8 il mio sangue: con cui firmer\u00f2 il<br \/>\nmio patto d\u2019amore con l\u2019umanit\u00e0! Quando non ci sar\u00f2 pi\u00f9, bevetelo: e la mia<br \/>\nalleanza con voi si rinnover\u00e0!\u201d.\u00a0<\/p>\n<p class=\"highlight\" style=\"margin: 0cm 0cm 0pt; text-align: justify\" align=\"justify\">VANGELO (Giovanni 13,1-15)<\/p>\n<p style=\"margin: 0cm 0cm 0pt; text-align: justify\" align=\"justify\">\n<p style=\"margin: 0cm 0cm 0pt; text-align: justify\" align=\"justify\">Prima<br \/>\ndella festa di Pasqua, Ges\u00f9 si rese conto che ormai era vicina l\u2019ora del suo<br \/>\nritorno al Padre: allora volle compiere verso i suoi, un gesto di straordinaria<br \/>\nUMILTA\u2019. Mentre consumavano la cena del GIOVEDI\u2019 prima di Pasqua, si alz\u00f2 da<br \/>\ntavola e proprio Lui che era stato mandato da Dio ed aveva tutto l\u2019Universo<br \/>\nnelle Sue mani, si mise ai fianchi un asciugamano: proprio come un UMILE<br \/>\nservo.<\/p>\n<p style=\"margin: 0cm 0cm 0pt; text-align: justify\" align=\"justify\">\n<p style=\"margin: 0cm 0cm 0pt; text-align: justify\" align=\"justify\">Poi<br \/>\nvers\u00f2 dell\u2019acqua in un recipiente, e come a quei tempi facevano i servitori<br \/>\nquando entrava in casa una persona importante, si mise a lavare i piedi di tutti<br \/>\ni suoi discepoli. E con l\u2019asciugamano che aveva ai fianchi, ad uno ad uno pure<br \/>\nglieli asciugava.<\/p>\n<p style=\"margin: 0cm 0cm 0pt; text-align: justify\" align=\"justify\">\n<p style=\"margin: 0cm 0cm 0pt; text-align: justify\" align=\"justify\">Quando<br \/>\nfu il turno di Pietro, questi si rifiut\u00f2 dicendo: \u201cNo Signore, semmai sarei io<br \/>\nche dovrei lavare i piedi a te!\u201d. Ma Ges\u00f9 insisteva: \u201cLasciami fare: dopo<br \/>\ncapirai quello che sto facendo!\u201d. Ma Pietro ancora: \u201cNo Signore, non mi far\u00f2 mai<br \/>\nlavare i piedi da te!\u201d. E Ges\u00f9: \u201cVa bene, se non ti lasci lavare i piedi, non<br \/>\nvoglio pi\u00f9 avere niente a che fare con te!\u201d. Allora Pietro alzando le mani<br \/>\nesclam\u00f2: \u201cNon sia mai Signore: lavami i piedi, la testa, le mani, tutto quello<br \/>\nche vuoi!\u201d.<\/p>\n<p style=\"margin: 0cm 0cm 0pt; text-align: justify\" align=\"justify\">\n<p style=\"margin: 0cm 0cm 0pt; text-align: justify\" align=\"justify\">Alla<br \/>\nfine poi Ges\u00f9 disse: \u201cBene, ora che io vi ho lavato siete puri: anche se non<br \/>\ntutti (si riferiva a Giuda)\u201d. Poi si tolse l\u2019asciugamano, e sedutosi di nuovo a<br \/>\ntavola, concluse: \u201cSapete perch\u00e9 vi ho fatto questo? Perch\u00e9 voi mi chiamate<br \/>\nMaestro e Signore: e dite bene, perch\u00e9 lo sono. Ora se io che sono il Signore<br \/>\ndell\u2019universo mi sono fatto vostro servo, anche voi dovete prendere esempio da<br \/>\nme: ed imparare a servirvi gli uni gli altri. Con grande<br \/>\nUMILTA\u2019!&#8221;.<\/p>\n<p class=\"stickynote\">Devo precisare che, anche se la lettura di queste<br \/>\nbellenotizie aiuta a comprendere la prima parte della Messa\u00a0(Liturgia della<br \/>\nParola), non potr\u00e0 mai sostituire la seconda parte (Liturgia eucaristica), in<br \/>\ncui\u00a0ci viene data\u00a0\u00a0la possibilit\u00e0 si &#8220;abbracciare&#8221; veramente il<br \/>\nCorpo di Cristo.<br \/> Sul\u00a0sito <a href=\"http:\/\/www.bellanotizia.it\/\" target=\"_blank\" onclick=\"return top.js.OpenExtLink(window,event,this)\" rel=\"noopener noreferrer\">http:\/\/www.bellanotizia.it<\/a> puoi<br \/>\nscaricare tante altre &#8220;bellenotizie&#8221;, anche in forma di registrazione-audio e<br \/>\npresentazione-video,\u00a0oltre a diversi miei articoli,<br \/>\nscritti,\u00a0corrispondenze-mail ed ipotesi innovative. <br \/> Se vuoi venire a dare un&#8217;occhiata al nostro &#8220;sabato di<br \/>\nbellanotizia&#8221; diviso in tre momenti (che si svolge a Catanzaro) troverai alcune<br \/>\ninformazioni su: http:\/\/www.bellanotizia.it<wbr \/>\/iniziativeacatanzaro.htm<\/p><\/p>\n","protected":false},"excerpt":{"rendered":"<p>Questa \u00e8 una rielaborazione sulle letture della Messa di: GIOVEDI&#8217; 20 MARZO 2008 a cura di Antonio Di Lieto Il\u00a0titolo della Messa,\u00a0che unifica tutte le letture, secondo me \u00e8: Il Gioved\u00ec dell&#8217;umilt\u00e0<\/p>\n","protected":false},"author":3,"featured_media":0,"comment_status":"open","ping_status":"closed","sticky":false,"template":"","format":"standard","meta":{"_kad_post_transparent":"","_kad_post_title":"","_kad_post_layout":"","_kad_post_sidebar_id":"","_kad_post_content_style":"","_kad_post_vertical_padding":"","_kad_post_feature":"","_kad_post_feature_position":"","_kad_post_header":false,"_kad_post_footer":false,"_kad_post_classname":"","footnotes":""},"categories":[4],"tags":[],"class_list":["post-201","post","type-post","status-publish","format-standard","hentry","category-audio-cattolici"],"_links":{"self":[{"href":"https:\/\/archivio.cercoiltuovolto.it\/index.php?rest_route=\/wp\/v2\/posts\/201","targetHints":{"allow":["GET"]}}],"collection":[{"href":"https:\/\/archivio.cercoiltuovolto.it\/index.php?rest_route=\/wp\/v2\/posts"}],"about":[{"href":"https:\/\/archivio.cercoiltuovolto.it\/index.php?rest_route=\/wp\/v2\/types\/post"}],"author":[{"embeddable":true,"href":"https:\/\/archivio.cercoiltuovolto.it\/index.php?rest_route=\/wp\/v2\/users\/3"}],"replies":[{"embeddable":true,"href":"https:\/\/archivio.cercoiltuovolto.it\/index.php?rest_route=%2Fwp%2Fv2%2Fcomments&post=201"}],"version-history":[{"count":0,"href":"https:\/\/archivio.cercoiltuovolto.it\/index.php?rest_route=\/wp\/v2\/posts\/201\/revisions"}],"wp:attachment":[{"href":"https:\/\/archivio.cercoiltuovolto.it\/index.php?rest_route=%2Fwp%2Fv2%2Fmedia&parent=201"}],"wp:term":[{"taxonomy":"category","embeddable":true,"href":"https:\/\/archivio.cercoiltuovolto.it\/index.php?rest_route=%2Fwp%2Fv2%2Fcategories&post=201"},{"taxonomy":"post_tag","embeddable":true,"href":"https:\/\/archivio.cercoiltuovolto.it\/index.php?rest_route=%2Fwp%2Fv2%2Ftags&post=201"}],"curies":[{"name":"wp","href":"https:\/\/api.w.org\/{rel}","templated":true}]}}