{"id":183,"date":"2008-03-08T14:28:20","date_gmt":"2008-03-08T13:28:20","guid":{"rendered":"http:\/\/1774016773"},"modified":"2008-03-08T14:28:20","modified_gmt":"2008-03-08T13:28:20","slug":"la-liberta-in-una-spiritualita-laica","status":"publish","type":"post","link":"https:\/\/archivio.cercoiltuovolto.it\/?p=183","title":{"rendered":"La Libert\u00e0 in una spiritualit\u00e0 laica"},"content":{"rendered":"<div align=\"justify\">Per il ciclo di incontri &#8220;<span class=\"highlight\">Libert\u00e0 va cercando<\/span>&#8221; organizzato dall\u2019Ufficio Cultura dell\u2019Arcidiocesi di Firenze in collaborazione con il Gruppo Villa Guicciardini ecco la riflessione su <strong>&#8220;La Libert\u00e0 in una spiritualit\u00e0 laica&#8221;<\/strong> di <b>Luigi Lombardi Vallauri<\/b>,<br \/>\nprofessore di Filosofia del diritto nell&#8217;Universit\u00e0 di Firenze.<br \/>\nVallauri ha approfondito i principi della filosofia generale e della<br \/>\nfilosofia della religione e gettato le basi di una mistica praticata<br \/>\nall&#8217;intersezione tra spiritualit\u00e0 orientale e scienza\/arte occidentale.<br \/>\nDal 1979 ha fondato \u201cgruppi di meditazione\u201d intesi a esplorare le<br \/>\npossibilit\u00e0 di una vita contemplativa all&#8217;altezza del sapere moderno.<\/div>\n<p><!--more--><\/p>\n<p align=\"justify\">Per il ciclo di incontri &#8220;<span class=\"highlight\">Libert\u00e0 va cercando<\/span>&#8221;<br \/>\norganizzato dall\u2019Ufficio Cultura dell\u2019Arcidiocesi di Firenze in<br \/>\ncollaborazione con il Gruppo Villa Guicciardini ecco la riflessione su <strong>&#8220;La Libert\u00e0 in una spiritualit\u00e0 laica&#8221;<\/strong> di <b>Luigi Lombardi Vallauri<\/b>,<br \/>\nprofessore di Filosofia del diritto nell&#8217;Universit\u00e0 di Firenze.<br \/>\nVallauri ha approfondito i principi della filosofia generale e della<br \/>\nfilosofia della religione e gettato le basi di una mistica praticata<br \/>\nall&#8217;intersezione tra spiritualit\u00e0 orientale e scienza\/arte occidentale.<br \/>\nDal 1979 ha fondato \u201cgruppi di meditazione\u201d intesi a esplorare le<br \/>\npossibilit\u00e0 di una vita contemplativa all&#8217;altezza del sapere moderno.<\/p>\n<p>L\u2019incontro, si \u00e8 tenuto <strong>Marted\u00ec 8 Gennaio alle ore 19,30<\/strong> presso l\u2019Istituto degli Innocenti in piazza S.S. Annunziata a Firenze.<\/p>\n<p>L&#8217;audio \u00e8 disponibile nel sito di <a href=\"http:\/\/www.radioradicale.it\/scheda\/244166\/incontro-con-luigi-lombardi-vallauri-sul-tema-la-liberta-in-una-spiritualita-laica\" target=\"_blank\" rel=\"noopener noreferrer\">Radio Radicale<\/a> .<\/p>\n<h5><\/h5>\n<p><img decoding=\"async\" src=\"http:\/\/www.radioradicale.it\/sites\/www.radioradicale.it\/themes\/radioradicale\/images\/icon_creativecommons.png\" alt=\"Licenza Creative Commons\" \/><br \/> Il materiale \u00e8 rilasciato con licenza <a href=\"http:\/\/creativecommons.org\/licenses\/by\/2.5\/deed.it\">Creative Commons Attribution 2.5 Italy<\/a><\/p>\n<p class=\"stickynote\">Fonte della notizia: Gruppo Villa Guicciardini <br \/> Fonte dei file audio: <a href=\"http:\/\/www.radioradicale.it\/scheda\/244166\/incontro-con-luigi-lombardi-vallauri-sul-tema-la-liberta-in-una-spiritualita-laica\" target=\"_blank\" rel=\"noopener noreferrer\">Radio Radicale <\/a><\/p><\/p>\n","protected":false},"excerpt":{"rendered":"<p>Per il ciclo di incontri &#8220;Libert\u00e0 va cercando&#8221; organizzato dall\u2019Ufficio Cultura dell\u2019Arcidiocesi di Firenze in collaborazione con il Gruppo Villa Guicciardini ecco la riflessione su &#8220;La Libert\u00e0 in una spiritualit\u00e0 laica&#8221; di Luigi Lombardi Vallauri, professore di Filosofia del diritto nell&#8217;Universit\u00e0 di Firenze. Vallauri ha approfondito i principi della filosofia generale e della filosofia della&#8230;<\/p>\n","protected":false},"author":3,"featured_media":0,"comment_status":"open","ping_status":"closed","sticky":false,"template":"","format":"standard","meta":{"_kad_post_transparent":"","_kad_post_title":"","_kad_post_layout":"","_kad_post_sidebar_id":"","_kad_post_content_style":"","_kad_post_vertical_padding":"","_kad_post_feature":"","_kad_post_feature_position":"","_kad_post_header":false,"_kad_post_footer":false,"_kad_post_classname":"","footnotes":""},"categories":[4],"tags":[],"class_list":["post-183","post","type-post","status-publish","format-standard","hentry","category-audio-cattolici"],"_links":{"self":[{"href":"https:\/\/archivio.cercoiltuovolto.it\/index.php?rest_route=\/wp\/v2\/posts\/183","targetHints":{"allow":["GET"]}}],"collection":[{"href":"https:\/\/archivio.cercoiltuovolto.it\/index.php?rest_route=\/wp\/v2\/posts"}],"about":[{"href":"https:\/\/archivio.cercoiltuovolto.it\/index.php?rest_route=\/wp\/v2\/types\/post"}],"author":[{"embeddable":true,"href":"https:\/\/archivio.cercoiltuovolto.it\/index.php?rest_route=\/wp\/v2\/users\/3"}],"replies":[{"embeddable":true,"href":"https:\/\/archivio.cercoiltuovolto.it\/index.php?rest_route=%2Fwp%2Fv2%2Fcomments&post=183"}],"version-history":[{"count":0,"href":"https:\/\/archivio.cercoiltuovolto.it\/index.php?rest_route=\/wp\/v2\/posts\/183\/revisions"}],"wp:attachment":[{"href":"https:\/\/archivio.cercoiltuovolto.it\/index.php?rest_route=%2Fwp%2Fv2%2Fmedia&parent=183"}],"wp:term":[{"taxonomy":"category","embeddable":true,"href":"https:\/\/archivio.cercoiltuovolto.it\/index.php?rest_route=%2Fwp%2Fv2%2Fcategories&post=183"},{"taxonomy":"post_tag","embeddable":true,"href":"https:\/\/archivio.cercoiltuovolto.it\/index.php?rest_route=%2Fwp%2Fv2%2Ftags&post=183"}],"curies":[{"name":"wp","href":"https:\/\/api.w.org\/{rel}","templated":true}]}}