{"id":1768,"date":"2008-11-17T11:02:54","date_gmt":"2008-11-17T10:02:54","guid":{"rendered":"http:\/\/www.cercoiltuovolto.it\/\/?p=1768"},"modified":"2026-07-01T18:37:15","modified_gmt":"2026-07-01T18:37:15","slug":"vi-incontro-mondiale-delle-famiglie-citta-del-messico-2009","status":"publish","type":"post","link":"https:\/\/archivio.cercoiltuovolto.it\/?p=1768","title":{"rendered":"VI Incontro mondiale delle famiglie &#8211; Citt\u00e0 del Messico 2009"},"content":{"rendered":"<p style=\"text-align: justify;\"><a rel=\"facebox\" href=\"http:\/\/www.cercoiltuovolto.it\/\/wp-content\/uploads\/2008\/11\/logo-incontro-mondiale-famiglie-2009.jpg\"><img loading=\"lazy\" decoding=\"async\" class=\"alignleft size-medium wp-image-1769\" title=\"logo-incontro-mondiale-famiglie-2009\" src=\"http:\/\/www.cercoiltuovolto.it\/\/wp-content\/uploads\/2008\/11\/logo-incontro-mondiale-famiglie-2009-183x300.jpg\" alt=\"\" width=\"183\" height=\"300\" \/><\/a>Il cardinale Ennio Antonelli, presidente del Pontificio Consiglio per la Famiglia, ha invitato tutto il popolo messicano a partecipare al <strong>VI incontro mondiale delle famiglie<\/strong>, previsto a <strong>Citt\u00e0 del Messico dal 14 al 18 gennaio prossimi<\/strong>. Il porporato, da alcuni giorni in Messico per valutare i preparativi dell\u2019incontro, ha sottolineato all\u2019agenzia Fides il valore di questo evento: &#8220;costituisce \u2013 ha detto \u2013 un avvenimento molto importante, tanto perch\u00e9 si riferisce alla famiglia, cellula fondamentale della Chiesa e della societ\u00e0 civile, tanto perch\u00e9 vi parteciperanno molti cardinali, vescovi e delegazioni provenienti da tutto il mondo&#8221;. Il presidente del Pontificio Consiglio per la famiglia ha anche aggiunto che Benedetto XVI, pur non essendo fisicamente presente, &#8220;parteciper\u00e0 molto attivamente con alcuni interventi televisivi&#8221;. In particolare, &#8220;invier\u00e0 un video messaggio&#8221; e ci sar\u00e0 un &#8220;collegamento televisivo in diretta durante la Messa conclusiva di domenica 18 gennaio&#8221;. Il cardinale Antonelli ha anche ricordato che il Papa invier\u00e0 all\u2019incontro mondiale come legato pontificio il cardinale Tarcisio Bertone, segretario di Stato. &#8220;Io stesso \u2013 ha spiegato il presidente del Pontificio Consiglio per la famiglia \u2013 porto il saluto del Santo Padre e assicuro a tutti il suo grande affetto per il popolo del Messico, che \u00e8 il pi\u00f9 grande dei Paesi cattolici dopo il Brasile&#8221;. Durante la sua visita in Messico \u2013 rende noto l\u2019Osservatore Romano \u2013 il cardinale Antonelli si \u00e8 recato nei luoghi dove si svolger\u00e0 l\u2019incontro mondiale delle famiglie e incontrato i volontari che presteranno il loro servizio. Per avere maggiori informazioni sull\u2019incontro, si pu\u00f2 consultare il sito <a href=\"http:\/\/www.emf2009.com\" target=\"_blank\">www.emf2009.com<\/a> (A.L.)<\/p>\n<h3>Guarda lo spot (sottotitolato in italiano)<\/h3>\n<p style=\"text-align: justify;\">[youtube]http:\/\/www.youtube.com\/watch?v=d61Gi3_WSFU[\/youtube]<\/p>\n<h3>Ascolta i due spot radiofonici:<\/h3>\n<p style=\"text-align: justify;\">[audio:http:\/\/www.wmf2009.com\/download\/VI%20ENCUENTRO%20FAMILIA%20ITAL.mp3]<\/p>\n<p style=\"text-align: justify;\">[audio:http:\/\/www.wmf2009.com\/download\/VI%20ENCUENTRO%20ENTREV%20ITAL%20V2.mp3]<\/p>\n<p style=\"text-align: justify;\">Download dei files<\/p>\n<h3>Poster ufficiale:<\/h3>\n<p style=\"text-align: center;\"><a rel=\"facebox\" href=\"http:\/\/www.cercoiltuovolto.it\/\/wp-content\/uploads\/2008\/11\/posterwmf.jpg\"><img loading=\"lazy\" decoding=\"async\" class=\"aligncenter size-medium wp-image-1770\" title=\"poster ufficiale\" src=\"http:\/\/www.cercoiltuovolto.it\/\/wp-content\/uploads\/2008\/11\/posterwmf-195x300.jpg\" alt=\"\" width=\"195\" height=\"300\" \/><\/a><\/p>\n","protected":false},"excerpt":{"rendered":"<p>Il cardinale Ennio Antonelli, presidente del Pontificio Consiglio per la Famiglia, ha invitato tutto il popolo messicano a partecipare al VI incontro mondiale delle famiglie, previsto a Citt\u00e0 del Messico dal 14 al 18 gennaio prossimi. Il porporato, da alcuni giorni in Messico per valutare i preparativi dell\u2019incontro, ha sottolineato all\u2019agenzia Fides il valore di&#8230;<\/p>\n","protected":false},"author":3,"featured_media":0,"comment_status":"open","ping_status":"closed","sticky":false,"template":"","format":"standard","meta":{"_kad_post_transparent":"","_kad_post_title":"","_kad_post_layout":"","_kad_post_sidebar_id":"","_kad_post_content_style":"","_kad_post_vertical_padding":"","_kad_post_feature":"","_kad_post_feature_position":"","_kad_post_header":false,"_kad_post_footer":false,"_kad_post_classname":"","footnotes":""},"categories":[11,4,41],"tags":[57,88,68,83],"class_list":["post-1768","post","type-post","status-publish","format-standard","hentry","category-11","category-audio-cattolici","category-incontri","tag-conferenze","tag-famiglia","tag-spot","tag-youtube"],"_links":{"self":[{"href":"https:\/\/archivio.cercoiltuovolto.it\/index.php?rest_route=\/wp\/v2\/posts\/1768","targetHints":{"allow":["GET"]}}],"collection":[{"href":"https:\/\/archivio.cercoiltuovolto.it\/index.php?rest_route=\/wp\/v2\/posts"}],"about":[{"href":"https:\/\/archivio.cercoiltuovolto.it\/index.php?rest_route=\/wp\/v2\/types\/post"}],"author":[{"embeddable":true,"href":"https:\/\/archivio.cercoiltuovolto.it\/index.php?rest_route=\/wp\/v2\/users\/3"}],"replies":[{"embeddable":true,"href":"https:\/\/archivio.cercoiltuovolto.it\/index.php?rest_route=%2Fwp%2Fv2%2Fcomments&post=1768"}],"version-history":[{"count":0,"href":"https:\/\/archivio.cercoiltuovolto.it\/index.php?rest_route=\/wp\/v2\/posts\/1768\/revisions"}],"wp:attachment":[{"href":"https:\/\/archivio.cercoiltuovolto.it\/index.php?rest_route=%2Fwp%2Fv2%2Fmedia&parent=1768"}],"wp:term":[{"taxonomy":"category","embeddable":true,"href":"https:\/\/archivio.cercoiltuovolto.it\/index.php?rest_route=%2Fwp%2Fv2%2Fcategories&post=1768"},{"taxonomy":"post_tag","embeddable":true,"href":"https:\/\/archivio.cercoiltuovolto.it\/index.php?rest_route=%2Fwp%2Fv2%2Ftags&post=1768"}],"curies":[{"name":"wp","href":"https:\/\/api.w.org\/{rel}","templated":true}]}}