{"id":1538,"date":"2008-11-07T08:36:29","date_gmt":"2008-11-07T07:36:29","guid":{"rendered":"http:\/\/www.cercoiltuovolto.it\/\/?p=1538"},"modified":"2026-07-01T18:38:09","modified_gmt":"2026-07-01T18:38:09","slug":"omelia-dedicazione-della-basilica-lateranense-9-novembre-2008","status":"publish","type":"post","link":"https:\/\/archivio.cercoiltuovolto.it\/?p=1538","title":{"rendered":"Omelia: Dedicazione della basilica lateranense &#8211; 9 novembre 2008"},"content":{"rendered":"<p>Omelia della Comunit\u00e0 cattolica ungherese che i questo video commenta il brano del Vangelo di Giovanni 4,19-24. Consiglio di leggere anche <a href=\"http:\/\/marcodaviano.wordpress.com\/2008\/11\/06\/la-madre-di-tutte-le-chiese\/\" target=\"_blank\">il testo presente nel loro blog<\/a>.<\/p>\n<blockquote>\n<p style=\"text-align: justify;\"><em>Gv 4,19-24<br \/>\n<\/em><sup> 19<\/sup> La donna gli disse: \u00abSignore, vedo che tu sei un profeta. <sup>20<\/sup> I nostri padri hanno adorato su questo monte, ma voi dite che a Gerusalemme \u00e8 il luogo dove bisogna adorare\u00bb. <sup>21<\/sup> Ges\u00f9 le disse: \u00abDonna, credimi; l\u2019ora viene che n\u00e9 su questo monte n\u00e9 a Gerusalemme adorerete il Padre. <sup>22 <\/sup>Voi adorate quel che non conoscete; noi adoriamo quel che conosciamo, perch\u00e9 la salvezza viene dai Giudei. <sup>23 <\/sup>Ma l\u2019ora viene, anzi \u00e8 gi\u00e0 venuta, che i veri adoratori adoreranno il Padre in spirito e verit\u00e0; poich\u00e9 il Padre cerca tali adoratori. <sup>24 <\/sup>Dio \u00e8 Spirito; e quelli che l\u2019adorano, bisogna che l\u2019adorino in spirito e verit\u00e0\u00bb.<\/p>\n<\/blockquote>\n<p><br class=\"spacer_\" \/><\/p>\n<p>[youtube]http:\/\/www.youtube.com\/watch?v=ZLlxnx8NpNc[\/youtube]<\/p>\n","protected":false},"excerpt":{"rendered":"<p>Omelia della Comunit\u00e0 cattolica ungherese che i questo video commenta il brano del Vangelo di Giovanni 4,19-24. Consiglio di leggere anche il testo presente nel loro blog. Gv 4,19-24 19 La donna gli disse: \u00abSignore, vedo che tu sei un profeta. 20 I nostri padri hanno adorato su questo monte, ma voi dite che a&#8230;<\/p>\n","protected":false},"author":3,"featured_media":0,"comment_status":"open","ping_status":"closed","sticky":false,"template":"","format":"standard","meta":{"_kad_post_transparent":"","_kad_post_title":"","_kad_post_layout":"","_kad_post_sidebar_id":"","_kad_post_content_style":"","_kad_post_vertical_padding":"","_kad_post_feature":"","_kad_post_feature_position":"","_kad_post_header":false,"_kad_post_footer":false,"_kad_post_classname":"","footnotes":""},"categories":[11,6],"tags":[5,29,83],"class_list":["post-1538","post","type-post","status-publish","format-standard","hentry","category-11","category-video","tag-commento-al-vangelo","tag-omelie","tag-youtube"],"_links":{"self":[{"href":"https:\/\/archivio.cercoiltuovolto.it\/index.php?rest_route=\/wp\/v2\/posts\/1538","targetHints":{"allow":["GET"]}}],"collection":[{"href":"https:\/\/archivio.cercoiltuovolto.it\/index.php?rest_route=\/wp\/v2\/posts"}],"about":[{"href":"https:\/\/archivio.cercoiltuovolto.it\/index.php?rest_route=\/wp\/v2\/types\/post"}],"author":[{"embeddable":true,"href":"https:\/\/archivio.cercoiltuovolto.it\/index.php?rest_route=\/wp\/v2\/users\/3"}],"replies":[{"embeddable":true,"href":"https:\/\/archivio.cercoiltuovolto.it\/index.php?rest_route=%2Fwp%2Fv2%2Fcomments&post=1538"}],"version-history":[{"count":0,"href":"https:\/\/archivio.cercoiltuovolto.it\/index.php?rest_route=\/wp\/v2\/posts\/1538\/revisions"}],"wp:attachment":[{"href":"https:\/\/archivio.cercoiltuovolto.it\/index.php?rest_route=%2Fwp%2Fv2%2Fmedia&parent=1538"}],"wp:term":[{"taxonomy":"category","embeddable":true,"href":"https:\/\/archivio.cercoiltuovolto.it\/index.php?rest_route=%2Fwp%2Fv2%2Fcategories&post=1538"},{"taxonomy":"post_tag","embeddable":true,"href":"https:\/\/archivio.cercoiltuovolto.it\/index.php?rest_route=%2Fwp%2Fv2%2Ftags&post=1538"}],"curies":[{"name":"wp","href":"https:\/\/api.w.org\/{rel}","templated":true}]}}