{"id":1394,"date":"2008-11-02T00:00:57","date_gmt":"2008-11-01T23:00:57","guid":{"rendered":"http:\/\/www.cercoiltuovolto.it\/\/?p=1394"},"modified":"2026-07-01T18:38:10","modified_gmt":"2026-07-01T18:38:10","slug":"opera-san-francesco-per-i-poveri","status":"publish","type":"post","link":"https:\/\/archivio.cercoiltuovolto.it\/?p=1394","title":{"rendered":"Opera San Francesco per i poveri"},"content":{"rendered":"<p><a href=\"http:\/\/www.operasanfrancesco.it\/\" target=\"_blank\">Opera San Francesco per i Poveri<\/a> aiuta materialmente e spiritualmente i bisognosi e gli emarginati di ogni razza e nazionalit\u00e0.<\/p>\n<blockquote>\n<p style=\"text-align: justify;\"><a rel=\"facebox\" href=\"http:\/\/www.cercoiltuovolto.it\/\/wp-content\/uploads\/2008\/10\/osf-logo-1.png\"><img loading=\"lazy\" decoding=\"async\" class=\"alignleft size-thumbnail wp-image-1395\" title=\"osf-logo\" src=\"http:\/\/www.cercoiltuovolto.it\/\/wp-content\/uploads\/2008\/10\/osf-logo-1-121x150.png\" alt=\"\" width=\"63\" height=\"76\" \/><\/a>Sia la nascita che l&#8217;attivit\u00e0 quotidiana di Opera San Francesco per i Poveri sono frutto della spiritualit\u00e0 dei <a href=\"http:\/\/www.operasanfrancesco.it\/OSF\/chisiamo\/cappuccini.cfm\">Frati Minori Cappuccini di Milano<\/a>. Essi vivono la regola di San Francesco d&#8217;Assisi che insegna l&#8217;amore e il rispetto per tutte le creature viventi, insieme a sentimenti di compassione e di carit\u00e0 concreta per chi \u00e8 povero e solo. <em>(<a href=\"http:\/\/www.operasanfrancesco.it\/OSF\/chisiamo\/fondazione.cfm\" target=\"_blank\">continua<\/a>)<\/em><\/p>\n<\/blockquote>\n<h3>Guarda lo spot pubblicitario:<\/h3>\n<p><a href=\"http:\/\/www.operasanfrancesco.it\/OSF\/comunicazione\/spotvideo.cfm\" target=\"_blank\">Link<\/a><\/p>\n<h3>Spot radiofonici:<\/h3>\n<p>Passeggiate<\/p>\n[audio:http:\/\/www.operasanfrancesco.it\/OSF\/media\/mp3\/spot-finalmentesolo.mp3]\n<p>Pioggia<\/p>\n[audio:http:\/\/www.operasanfrancesco.it\/OSF\/media\/mp3\/spot-unabelladoccia.mp3]\n<p>Si mangia<\/p>\n[audio:http:\/\/www.operasanfrancesco.it\/OSF\/media\/mp3\/spot-simangia.mp3]\n<h3>Su YouTube:<\/h3>\n<ul>\n<li><a href=\"http:\/\/it.youtube.com\/watch?v=dHJLoSNeBtY\" target=\"_blank\">La mensa dei poveri<\/a><\/li>\n<li><a href=\"http:\/\/it.youtube.com\/watch?v=K1omco0-ZrE\" target=\"_blank\">Mostra fotografica &#8220;L&#8217;ultima cena&#8221;<\/a><\/li>\n<\/ul>\n<p><br class=\"spacer_\" \/><\/p>\n<p><br class=\"spacer_\" \/><\/p>\n","protected":false},"excerpt":{"rendered":"<p>Opera San Francesco per i Poveri aiuta materialmente e spiritualmente i bisognosi e gli emarginati di ogni razza e nazionalit\u00e0. Sia la nascita che l&#8217;attivit\u00e0 quotidiana di Opera San Francesco per i Poveri sono frutto della spiritualit\u00e0 dei Frati Minori Cappuccini di Milano. Essi vivono la regola di San Francesco d&#8217;Assisi che insegna l&#8217;amore e&#8230;<\/p>\n","protected":false},"author":3,"featured_media":0,"comment_status":"open","ping_status":"closed","sticky":false,"template":"","format":"standard","meta":{"_kad_post_transparent":"","_kad_post_title":"","_kad_post_layout":"","_kad_post_sidebar_id":"","_kad_post_content_style":"","_kad_post_vertical_padding":"","_kad_post_feature":"","_kad_post_feature_position":"","_kad_post_header":false,"_kad_post_footer":false,"_kad_post_classname":"","footnotes":""},"categories":[11,4],"tags":[82,79],"class_list":["post-1394","post","type-post","status-publish","format-standard","hentry","category-11","category-audio-cattolici","tag-associazioni","tag-persone"],"_links":{"self":[{"href":"https:\/\/archivio.cercoiltuovolto.it\/index.php?rest_route=\/wp\/v2\/posts\/1394","targetHints":{"allow":["GET"]}}],"collection":[{"href":"https:\/\/archivio.cercoiltuovolto.it\/index.php?rest_route=\/wp\/v2\/posts"}],"about":[{"href":"https:\/\/archivio.cercoiltuovolto.it\/index.php?rest_route=\/wp\/v2\/types\/post"}],"author":[{"embeddable":true,"href":"https:\/\/archivio.cercoiltuovolto.it\/index.php?rest_route=\/wp\/v2\/users\/3"}],"replies":[{"embeddable":true,"href":"https:\/\/archivio.cercoiltuovolto.it\/index.php?rest_route=%2Fwp%2Fv2%2Fcomments&post=1394"}],"version-history":[{"count":0,"href":"https:\/\/archivio.cercoiltuovolto.it\/index.php?rest_route=\/wp\/v2\/posts\/1394\/revisions"}],"wp:attachment":[{"href":"https:\/\/archivio.cercoiltuovolto.it\/index.php?rest_route=%2Fwp%2Fv2%2Fmedia&parent=1394"}],"wp:term":[{"taxonomy":"category","embeddable":true,"href":"https:\/\/archivio.cercoiltuovolto.it\/index.php?rest_route=%2Fwp%2Fv2%2Fcategories&post=1394"},{"taxonomy":"post_tag","embeddable":true,"href":"https:\/\/archivio.cercoiltuovolto.it\/index.php?rest_route=%2Fwp%2Fv2%2Ftags&post=1394"}],"curies":[{"name":"wp","href":"https:\/\/api.w.org\/{rel}","templated":true}]}}