{"id":1202,"date":"2008-10-27T12:02:41","date_gmt":"2008-10-27T10:02:41","guid":{"rendered":"http:\/\/www.cercoiltuovolto.it\/\/?p=1202"},"modified":"2026-07-01T18:38:10","modified_gmt":"2026-07-01T18:38:10","slug":"radio-vigiova-terza-puntata-del-24102008","status":"publish","type":"post","link":"https:\/\/archivio.cercoiltuovolto.it\/?p=1202","title":{"rendered":"Radio Vigiova &#8211; Terza puntata del 24\/10\/2008"},"content":{"rendered":"<p><img loading=\"lazy\" decoding=\"async\" class=\"alignleft size-full wp-image-1203\" title=\"scalamusic\" src=\"http:\/\/www.cercoiltuovolto.it\/\/wp-content\/uploads\/2008\/10\/scalamusic.jpg\" alt=\"\" width=\"145\" height=\"35\" \/><span class=\"postbody\">Graditi ospiti della <span style=\"font-weight: bold;\">terza puntata <\/span>di <a href=\"http:\/\/www.vigiova.it\/radio\/\" target=\"_blank\">RadioViGiova<\/a> saranno alcuni artisti di <span style=\"font-weight: bold;\">ScalaMusic<\/span>, progetto musicale dei Padri Scalabrini.\u00a0 Per arricchire la discussione che animer\u00e0 la puntata, vi provoco con la seguente riflesione.<\/span><\/p>\n<blockquote>\n<p><span class=\"postbody\"><span style=\"font-weight: bold;\">Che uso si pu\u00f2 fare della musica nell&#8217;educazione cristiana dei giovani? E&#8217; giusto porre dei limiti? Qualsiasi musica pu\u00f2 comunicare la fede? In che modo?<\/span><\/span><\/p>\n<\/blockquote>\n<h4>Prima Parte<\/h4>\n[audio:http:\/\/www.vigiova.it\/radio\/20081024-01.mp3]\n<h4>Seconda Parte<\/h4>\n[audio:http:\/\/feeds.feedburner.com\/~r\/radio_vigiova\/~5\/432552841\/20081024-02.mp3]\n","protected":false},"excerpt":{"rendered":"<p>Graditi ospiti della terza puntata di RadioViGiova saranno alcuni artisti di ScalaMusic, progetto musicale dei Padri Scalabrini.\u00a0 Per arricchire la discussione che animer\u00e0 la puntata, vi provoco con la seguente riflesione. Che uso si pu\u00f2 fare della musica nell&#8217;educazione cristiana dei giovani? E&#8217; giusto porre dei limiti? Qualsiasi musica pu\u00f2 comunicare la fede? In che&#8230;<\/p>\n","protected":false},"author":3,"featured_media":0,"comment_status":"open","ping_status":"closed","sticky":false,"template":"","format":"standard","meta":{"_kad_post_transparent":"","_kad_post_title":"","_kad_post_layout":"","_kad_post_sidebar_id":"","_kad_post_content_style":"","_kad_post_vertical_padding":"","_kad_post_feature":"","_kad_post_feature_position":"","_kad_post_header":false,"_kad_post_footer":false,"_kad_post_classname":"","footnotes":""},"categories":[11,4],"tags":[38],"class_list":["post-1202","post","type-post","status-publish","format-standard","hentry","category-11","category-audio-cattolici","tag-musica-e-fede"],"_links":{"self":[{"href":"https:\/\/archivio.cercoiltuovolto.it\/index.php?rest_route=\/wp\/v2\/posts\/1202","targetHints":{"allow":["GET"]}}],"collection":[{"href":"https:\/\/archivio.cercoiltuovolto.it\/index.php?rest_route=\/wp\/v2\/posts"}],"about":[{"href":"https:\/\/archivio.cercoiltuovolto.it\/index.php?rest_route=\/wp\/v2\/types\/post"}],"author":[{"embeddable":true,"href":"https:\/\/archivio.cercoiltuovolto.it\/index.php?rest_route=\/wp\/v2\/users\/3"}],"replies":[{"embeddable":true,"href":"https:\/\/archivio.cercoiltuovolto.it\/index.php?rest_route=%2Fwp%2Fv2%2Fcomments&post=1202"}],"version-history":[{"count":0,"href":"https:\/\/archivio.cercoiltuovolto.it\/index.php?rest_route=\/wp\/v2\/posts\/1202\/revisions"}],"wp:attachment":[{"href":"https:\/\/archivio.cercoiltuovolto.it\/index.php?rest_route=%2Fwp%2Fv2%2Fmedia&parent=1202"}],"wp:term":[{"taxonomy":"category","embeddable":true,"href":"https:\/\/archivio.cercoiltuovolto.it\/index.php?rest_route=%2Fwp%2Fv2%2Fcategories&post=1202"},{"taxonomy":"post_tag","embeddable":true,"href":"https:\/\/archivio.cercoiltuovolto.it\/index.php?rest_route=%2Fwp%2Fv2%2Ftags&post=1202"}],"curies":[{"name":"wp","href":"https:\/\/api.w.org\/{rel}","templated":true}]}}