{"id":1076,"date":"2008-09-23T11:16:56","date_gmt":"2008-09-23T09:16:56","guid":{"rendered":"http:\/\/www.cercoiltuovolto.it\/\/?p=1076"},"modified":"2026-07-01T18:39:02","modified_gmt":"2026-07-01T18:39:02","slug":"giornata-mondiale-della-gioventu-2008","status":"publish","type":"post","link":"https:\/\/archivio.cercoiltuovolto.it\/?p=1076","title":{"rendered":"Giornata Mondiale della Giovent\u00f9 2008"},"content":{"rendered":"<p align=\"center\">PONTIFICIO CONSIGLIO PER I LAICI<\/p>\n<h2 align=\"center\">XXIII GIORNATA MONDIALE DELLA GIOVENT\u00d9<\/h2>\n<p align=\"center\">Sydney (Australia), 15-20 luglio 2008<\/p>\n<p align=\"justify\">Il tema della <span class=\"highlight\">XXIII Giornata Mondiale della Giovent\u00f9<\/span> sar\u00e0: \u00abAvrete forza dallo Spirito Santo e mi sarete testimoni\u00bb (<em>At<\/em> 1, 8).<\/p>\n<p align=\"justify\">Nei tre anni di preparazione alla GMG in Australia, <em>terra australe dello Spirito Santo<\/em>, Papa Benedetto XVI ha proposto un itinerario pastorale nel quale si intravede un filo conduttore che collega lo Spirito Santo alla missione: nel 2006 si \u00e8 visto come lo Spirito Santo, Spirito di verit\u00e0, ci rivolga verso Ges\u00f9 Cristo e ci permetta di incontrarLo personalmente, in particolare nella Parola di Dio; nel 2007 si \u00e8 riflettuto sullo Spirito Santo, Spirito d\u2019amore, che facendoci vedere i bisogni dei nostri fratelli ci spinge a mettere in pratica la Parola di Dio con la carit\u00e0 in atto; il tema del 2008 ci aiuter\u00e0 infine a comprendere che lo Spirito Santo, Spirito di fortezza e testimonianza, suscitando in noi la carit\u00e0 ci rinnova interiormente e ci infonde la forza di annunciare e testimoniare il Vangelo.<\/p>\n<p align=\"justify\">[Fonte: <a href=\"http:\/\/www.vatican.va\/roman_curia\/pontifical_councils\/laity\/documents\/rc_pc_laity_doc_20070226_nota-sydney_it.html\" target=\"_blank\" rel=\"noopener\">Vaticano<\/a>]<\/p>\n<ul>\n<li><a href=\"http:\/\/www.vatican.va\/gmg\/documents\/gmg_chronicle-wyd_20020325_it.html\" target=\"_blank\" rel=\"noopener\">Il cammino delle Giornate mondiali della Giovent\u00f9 <\/a><\/li>\n<li><a href=\"http:\/\/www.vatican.va\/holy_father\/benedict_xvi\/messages\/youth\/documents\/hf_ben-xvi_mes_20070720_youth_it.html\" target=\"_blank\" rel=\"noopener\">Messaggio del Santo Padre<\/a><\/li>\n<li><del>Appello del Santo Padre per la XXVIII Giornata Mondiale della Giovent\u00f9<\/del><\/li>\n<li><del>Sito Ufficiale<\/del><\/li>\n<li><del>Sito Italiano<\/del><\/li>\n<\/ul>\n","protected":false},"excerpt":{"rendered":"<p>PONTIFICIO CONSIGLIO PER I LAICI XXIII GIORNATA MONDIALE DELLA GIOVENT\u00d9 Sydney (Australia), 15-20 luglio 2008 Il tema della XXIII Giornata Mondiale della Giovent\u00f9 sar\u00e0: \u00abAvrete forza dallo Spirito Santo e mi sarete testimoni\u00bb (At 1, 8). Nei tre anni di preparazione alla GMG in Australia, terra australe dello Spirito Santo, Papa Benedetto XVI ha proposto&#8230;<\/p>\n","protected":false},"author":3,"featured_media":0,"comment_status":"open","ping_status":"closed","sticky":false,"template":"","format":"standard","meta":{"_kad_post_transparent":"","_kad_post_title":"","_kad_post_layout":"","_kad_post_sidebar_id":"","_kad_post_content_style":"","_kad_post_vertical_padding":"","_kad_post_feature":"","_kad_post_feature_position":"","_kad_post_header":false,"_kad_post_footer":false,"_kad_post_classname":"","footnotes":""},"categories":[11,4,6],"tags":[20],"class_list":["post-1076","post","type-post","status-publish","format-standard","hentry","category-11","category-audio-cattolici","category-video","tag-gmg"],"_links":{"self":[{"href":"https:\/\/archivio.cercoiltuovolto.it\/index.php?rest_route=\/wp\/v2\/posts\/1076","targetHints":{"allow":["GET"]}}],"collection":[{"href":"https:\/\/archivio.cercoiltuovolto.it\/index.php?rest_route=\/wp\/v2\/posts"}],"about":[{"href":"https:\/\/archivio.cercoiltuovolto.it\/index.php?rest_route=\/wp\/v2\/types\/post"}],"author":[{"embeddable":true,"href":"https:\/\/archivio.cercoiltuovolto.it\/index.php?rest_route=\/wp\/v2\/users\/3"}],"replies":[{"embeddable":true,"href":"https:\/\/archivio.cercoiltuovolto.it\/index.php?rest_route=%2Fwp%2Fv2%2Fcomments&post=1076"}],"version-history":[{"count":0,"href":"https:\/\/archivio.cercoiltuovolto.it\/index.php?rest_route=\/wp\/v2\/posts\/1076\/revisions"}],"wp:attachment":[{"href":"https:\/\/archivio.cercoiltuovolto.it\/index.php?rest_route=%2Fwp%2Fv2%2Fmedia&parent=1076"}],"wp:term":[{"taxonomy":"category","embeddable":true,"href":"https:\/\/archivio.cercoiltuovolto.it\/index.php?rest_route=%2Fwp%2Fv2%2Fcategories&post=1076"},{"taxonomy":"post_tag","embeddable":true,"href":"https:\/\/archivio.cercoiltuovolto.it\/index.php?rest_route=%2Fwp%2Fv2%2Ftags&post=1076"}],"curies":[{"name":"wp","href":"https:\/\/api.w.org\/{rel}","templated":true}]}}